{"id":6786,"global_id":"faemclm.es\/feriaxxix?id=6786","global_id_lineage":["faemclm.es\/feriaxxix?id=6786"],"author":"1","status":"publish","date":"2025-02-03 19:23:19","date_utc":"2025-02-03 18:23:19","modified":"2025-04-10 23:25:20","modified_utc":"2025-04-10 21:25:20","url":"https:\/\/faemclm.es\/feriaxxix\/espectaculo\/dos-objetivos\/","rest_url":"https:\/\/faemclm.es\/feriaxxix\/wp-json\/tribe\/events\/v1\/events\/6786","title":"Dos Objetivos","description":"<p><img fetchpriority=\"high\" decoding=\"async\" src=\"https:\/\/faemclm.es\/wp-content\/uploads\/2024\/01\/cat-musica.png\" sizes=\"(max-width: 404px) 100vw, 404px\" srcset=\"https:\/\/faemclm.es\/wp-content\/uploads\/2024\/01\/cat-musica.png 404w, https:\/\/faemclm.es\/wp-content\/uploads\/2024\/01\/cat-musica-300x115.png 300w, https:\/\/faemclm.es\/wp-content\/uploads\/2024\/01\/cat-musica-370x142.png 370w, https:\/\/faemclm.es\/wp-content\/uploads\/2024\/01\/elementor\/thumbs\/cat-musica-qj6cufb88t0vrh5xdwlvd8hqpy3wnuwhmvgtytda4i.png 202w, https:\/\/faemclm.es\/wp-content\/uploads\/2024\/01\/elementor\/thumbs\/cat-musica-qj6cufb70igfpz9wwywwx7a040oyt1a5ax8o0fmrp8.png 101w\" alt=\"\" width=\"404\" height=\"155\" \/><\/p>\n<p><strong>P\u00fablico: Todos | 80 minutos | Clandestino<\/strong><\/p>\n<p>Ficha Art\u00edstica &#8211; T\u00e9cnica<\/p>\n<p><strong>Direcci\u00f3n:<\/strong> Jairo deRemache<br \/>\n<strong>Iluminaci\u00f3n:<\/strong> Bestia Sound<br \/>\n<strong>Direcci\u00f3n Esc\u00e9nica:<\/strong> Flamenco Stand<br \/>\n<strong>Escenograf\u00eda:<\/strong> BMG<br \/>\n<strong>Vestuario:<\/strong> BMG<br \/>\n<strong>Director de Producci\u00f3n:<\/strong> Fernando Navarro<br \/>\n<strong>Producci\u00f3n:<\/strong> Hervidero Producciones<br \/>\n<strong>Compa\u00f1\u00eda:<\/strong> Jairo deRemache<\/p>\n<p>Reparto<\/p>\n<p>Jairo deRemache \u2013 Voz y Guitarra<br \/>\nAlvaro Llanos \u2013 Guitarra<br \/>\nToni Bermudez \u2013 Bajo y Voz<br \/>\nEugenio de la Rosa \u2013 Cajon y Palmas<br \/>\nMelodi la del Remache \u2013 Coros y Palmas<br \/>\nTabita Fernandez \u2013 Coros y Palmas<\/p>\n<p>Datos de distribuci\u00f3n<\/p>\n<p style=\"text-align: left;\"><strong>DISTRIBUIDOR\/A:<\/strong> Flamenco Stand, Anton Mu\u00f1oz<br \/>\n<strong>EMAIL:<\/strong> info@flamencostand.es<br \/>\n<strong>TEL\u00c9FONO:<\/strong> 686 807 410<\/p>\n<p><img decoding=\"async\" title=\"06-Dos-Objetivos\" src=\"https:\/\/faemclm.es\/wp-content\/uploads\/2025\/02\/06-Dos-Objetivos.jpg\" alt=\"06-Dos-Objetivos\" \/><\/p>\n<p>Jairo DeRemache es un artista \u00fanico que se ha educado musicalmente en el seno de una familia de artistas gitanos que viven y aman de forma especial la m\u00fasica. Siguiendo la estela de su padre \u2013 Antonio Remache, compositor de canciones como \u201cQuien Te Va a Querer\u201d de Ni\u00f1a Pastori o \u201cEl Beso\u201d de Israel Fern\u00e1ndez, entre otros himnos del g\u00e9nero \u2013 Jairo se dio a conocer con el indiscutible \u00e9xito \u201cLa Llama del Amor\u201d de Omar Montes, compuesta y co-interpretada por \u00e9l mismo.<\/p>\n<p>Cantante, guitarrista y percusionista, y con apenas 30 a\u00f1os, Jairo ya cuenta con m\u00e1s de una d\u00e9cada en los escenarios y tablas a sus espaldas, lo que le ha permitido ganarse las buenas palabras de voces tan respetadas en el g\u00e9nero flamenco como Lin Cortes, la familia Carmona, o Ni\u00f1o de Elche, quien ha tenido un papel fundamental en la producci\u00f3n de su primer EP.<\/p>\n<p>En noviembre de 2023, Jairo lanz\u00f3 su esperado primer EP, titulado \u201cCasa\u201d. Este trabajo, conformado por un pu\u00f1ado de canciones que muestran un flamenco pop de composiciones en las que habla sobre los sentimientos que se esconden en nuestras relaciones, permiti\u00f3 a Jairo mostrar abiertamente su impecable sensibilidad l\u00edrica y musical, consolid\u00e1ndose como artista.<\/p>\n<p>El pasado noviembre present\u00f3 \u201cCasa Remache\u201d,su primer \u00e1lbum,\u00a0 que profundiza en el legado y amor familiar que han moldeado su identidad art\u00edstica. Producido junto al respetado Ni\u00f1o de Elche, con temas in\u00e9ditos que celebran el linaje musical de su familia.\u201cCasa Remache\u201d cuenta tambi\u00e9n con Ra\u00fal P\u00e9rez de Mina<\/p>\n<p>Galer\u00eda<\/p>\n<figure><img decoding=\"async\" src=\"https:\/\/faemclm.es\/wp-content\/uploads\/2025\/02\/Objetivos-01-202x300.jpeg\" alt=\"Objetivos-01\" \/><\/figure>\n<p>&nbsp;<\/p>\n<figure><img decoding=\"async\" src=\"https:\/\/faemclm.es\/wp-content\/uploads\/2025\/02\/Objetivos-02-200x300.png\" alt=\"Objetivos-02\" \/><\/figure>\n<p>&nbsp;<\/p>\n<figure><img decoding=\"async\" src=\"https:\/\/faemclm.es\/wp-content\/uploads\/2025\/02\/Objetivos-03-215x300.jpeg\" alt=\"Objetivos-03\" \/><\/figure>\n<p>Localizaci\u00f3n<\/p>","excerpt":"","slug":"dos-objetivos","image":{"url":"https:\/\/faemclm.es\/feriaxxix\/wp-content\/uploads\/2025\/02\/06-Dos-Objetivos.jpg","id":6789,"extension":"jpg","width":1240,"height":1755,"filesize":178531,"sizes":{"medium":{"width":212,"height":300,"mime-type":"image\/jpeg","filesize":15036,"url":"https:\/\/faemclm.es\/feriaxxix\/wp-content\/uploads\/2025\/02\/06-Dos-Objetivos-212x300.jpg"},"large":{"width":724,"height":1024,"mime-type":"image\/jpeg","filesize":92097,"url":"https:\/\/faemclm.es\/feriaxxix\/wp-content\/uploads\/2025\/02\/06-Dos-Objetivos-724x1024.jpg"},"thumbnail":{"width":150,"height":150,"mime-type":"image\/jpeg","filesize":7277,"url":"https:\/\/faemclm.es\/feriaxxix\/wp-content\/uploads\/2025\/02\/06-Dos-Objetivos-150x150.jpg"},"medium_large":{"width":768,"height":1087,"mime-type":"image\/jpeg","filesize":99900,"url":"https:\/\/faemclm.es\/feriaxxix\/wp-content\/uploads\/2025\/02\/06-Dos-Objetivos-768x1087.jpg"},"1536x1536":{"width":1085,"height":1536,"mime-type":"image\/jpeg","filesize":162570,"url":"https:\/\/faemclm.es\/feriaxxix\/wp-content\/uploads\/2025\/02\/06-Dos-Objetivos-1085x1536.jpg"}}},"all_day":false,"start_date":"2025-04-07 22:00:00","start_date_details":{"year":"2025","month":"04","day":"07","hour":"22","minutes":"00","seconds":"00"},"end_date":"2025-04-07 23:00:00","end_date_details":{"year":"2025","month":"04","day":"07","hour":"23","minutes":"00","seconds":"00"},"utc_start_date":"2025-04-07 20:00:00","utc_start_date_details":{"year":"2025","month":"04","day":"07","hour":"20","minutes":"00","seconds":"00"},"utc_end_date":"2025-04-07 21:00:00","utc_end_date_details":{"year":"2025","month":"04","day":"07","hour":"21","minutes":"00","seconds":"00"},"timezone":"Europe\/Madrid","timezone_abbr":"CEST","cost":"","cost_details":{"currency_symbol":"\u20ac","currency_code":"EUR","currency_position":"prefix","values":[]},"website":"","show_map":true,"show_map_link":false,"hide_from_listings":false,"sticky":false,"featured":false,"categories":[{"name":"M\u00fasica","slug":"musica","term_group":0,"term_taxonomy_id":50,"taxonomy":"tribe_events_cat","description":"","parent":0,"count":3,"filter":"raw","id":50,"urls":{"self":"https:\/\/faemclm.es\/feriaxxix\/wp-json\/tribe\/events\/v1\/categories\/50","collection":"https:\/\/faemclm.es\/feriaxxix\/wp-json\/tribe\/events\/v1\/categories"}}],"tags":[],"venue":{"id":7782,"author":"1","status":"publish","date":"2025-04-10 23:25:07","date_utc":"2025-04-10 21:25:07","modified":"2025-04-10 23:25:07","modified_utc":"2025-04-10 21:25:07","url":"https:\/\/faemclm.es\/feriaxxix\/local\/clandestino\/","venue":"Clandestino","slug":"clandestino","address":"Av. de Espa\u00f1a, 47","city":"Albacete","country":"Spain","province":"Albacete","zip":"02002","stateprovince":"Albacete","json_ld":{"@type":"Place","name":"Clandestino","description":"","url":"","address":{"@type":"PostalAddress","streetAddress":"Av. de Espa\u00f1a, 47","addressLocality":"Albacete","addressRegion":"Albacete","postalCode":"02002","addressCountry":"Spain"},"telephone":"","sameAs":""},"show_map":true,"show_map_link":true,"global_id":"faemclm.es\/feriaxxix?id=7782","global_id_lineage":["faemclm.es\/feriaxxix?id=7782"]},"organizer":[],"custom_fields":[],"json_ld":{"@context":"http:\/\/schema.org","@type":"Event","name":"Dos Objetivos","description":"&lt;p&gt;P\u00fablico: Todos | 80 minutos | Clandestino Ficha Art\u00edstica - T\u00e9cnica Direcci\u00f3n: Jairo deRemache Iluminaci\u00f3n: Bestia Sound Direcci\u00f3n Esc\u00e9nica: Flamenco Stand Escenograf\u00eda: BMG Vestuario: BMG Director de Producci\u00f3n: Fernando Navarro [&hellip;]&lt;\/p&gt;\\n","image":"https:\/\/faemclm.es\/feriaxxix\/wp-content\/uploads\/2025\/02\/06-Dos-Objetivos.jpg","url":"https:\/\/faemclm.es\/feriaxxix\/espectaculo\/dos-objetivos\/","eventAttendanceMode":"https:\/\/schema.org\/OfflineEventAttendanceMode","eventStatus":"https:\/\/schema.org\/EventScheduled","startDate":"2025-04-07T22:00:00+02:00","endDate":"2025-04-07T23:00:00+02:00","location":{"@type":"Place","name":"Clandestino","description":"","url":"","address":{"@type":"PostalAddress","streetAddress":"Av. de Espa\u00f1a, 47","addressLocality":"Albacete","addressRegion":"Albacete","postalCode":"02002","addressCountry":"Spain"},"telephone":"","sameAs":""},"performer":"Organization"}}