{"id":4848,"date":"2023-04-13T10:04:57","date_gmt":"2023-04-13T08:04:57","guid":{"rendered":"https:\/\/faemclm.es\/?p=4848"},"modified":"2023-04-14T10:24:17","modified_gmt":"2023-04-14T08:24:17","slug":"elementor-4848","status":"publish","type":"post","link":"https:\/\/faemclm.es\/feriaxxix\/elementor-4848\/","title":{"rendered":"El Teatro de Malta, referente de la dramaturgia regional, desembarca en la Feria de Artes Esc\u00e9nicas y Musicales con \u201cMuchos Amigos Negros\u201d"},"content":{"rendered":"\t\t<div data-elementor-type=\"wp-post\" data-elementor-id=\"4848\" class=\"elementor elementor-4848\" data-elementor-post-type=\"post\">\n\t\t\t\t\t\t<section class=\"elementor-section elementor-top-section elementor-element elementor-element-feffcb5 elementor-section-boxed elementor-section-height-default elementor-section-height-default\" data-id=\"feffcb5\" data-element_type=\"section\" data-e-type=\"section\">\n\t\t\t\t\t\t<div class=\"elementor-container elementor-column-gap-default\">\n\t\t\t\t\t<div class=\"elementor-column elementor-col-100 elementor-top-column elementor-element elementor-element-aece261\" data-id=\"aece261\" data-element_type=\"column\" data-e-type=\"column\">\n\t\t\t<div class=\"elementor-widget-wrap elementor-element-populated\">\n\t\t\t\t\t\t<div class=\"elementor-element elementor-element-a166ffe elementor-widget elementor-widget-text-editor\" data-id=\"a166ffe\" data-element_type=\"widget\" data-e-type=\"widget\" data-widget_type=\"text-editor.default\">\n\t\t\t\t<div class=\"elementor-widget-container\">\n\t\t\t\t\t\t\t\t\t<p><strong>La directora de la compa\u00f1\u00eda del Teatro de Malta, Marta Torres ha presentado esta producci\u00f3n, subvencionada por la Junta de Comunidades de Castilla-La Mancha, que se estrenar\u00e1 en el Auditorio municipal de Albacete a las 19:00 horas, en un ejemplo de teatro para adultos, \u201cs\u00f3lido, f\u00e1cil de ver y leer e interesante de recibir por parte del espectador sobre el racismo\u201d.<\/strong><br \/><strong>\u00a0<\/strong><br \/><strong>La danza en \u201cCampo Cerrado\u201d para disfrutar del espect\u00e1culo de la coreograf\u00eda de Daniel Do\u00f1a, -artista reconocido a nivel nacional-, que reflejar\u00e1 diferentes vanguardias que surgieron en la a posguerra espa\u00f1ola; \u201cAmbulantes\u201d de Z Teatro y La Escalera de Tijera; y \u201cLas aventuras de Sam\u201d de Miguel de Lucas, \u201cejemplos de la apertura de la FAEMCLM a la calle Ancha y la Plaza del Altozano\u201d.\u00a0<\/strong><\/p>\t\t\t\t\t\t\t\t<\/div>\n\t\t\t\t<\/div>\n\t\t\t\t\t<\/div>\n\t\t<\/div>\n\t\t\t\t\t<\/div>\n\t\t<\/section>\n\t\t\t\t<section class=\"elementor-section elementor-top-section elementor-element elementor-element-58e12de elementor-section-boxed elementor-section-height-default elementor-section-height-default\" data-id=\"58e12de\" data-element_type=\"section\" data-e-type=\"section\">\n\t\t\t\t\t\t<div class=\"elementor-container elementor-column-gap-default\">\n\t\t\t\t\t<div class=\"elementor-column elementor-col-100 elementor-top-column elementor-element elementor-element-3f0dc8d\" data-id=\"3f0dc8d\" data-element_type=\"column\" data-e-type=\"column\">\n\t\t\t<div class=\"elementor-widget-wrap elementor-element-populated\">\n\t\t\t\t\t\t<div class=\"elementor-element elementor-element-d0d5d56 elementor-widget elementor-widget-spacer\" data-id=\"d0d5d56\" data-element_type=\"widget\" data-e-type=\"widget\" data-widget_type=\"spacer.default\">\n\t\t\t\t<div class=\"elementor-widget-container\">\n\t\t\t\t\t\t\t<div class=\"elementor-spacer\">\n\t\t\t<div class=\"elementor-spacer-inner\"><\/div>\n\t\t<\/div>\n\t\t\t\t\t\t<\/div>\n\t\t\t\t<\/div>\n\t\t\t\t\t<\/div>\n\t\t<\/div>\n\t\t\t\t\t<\/div>\n\t\t<\/section>\n\t\t\t\t<section class=\"elementor-section elementor-top-section elementor-element elementor-element-0e03663 elementor-section-boxed elementor-section-height-default elementor-section-height-default\" data-id=\"0e03663\" data-element_type=\"section\" data-e-type=\"section\">\n\t\t\t\t\t\t<div class=\"elementor-container elementor-column-gap-default\">\n\t\t\t\t\t<div class=\"elementor-column elementor-col-100 elementor-top-column elementor-element elementor-element-30589ff\" data-id=\"30589ff\" data-element_type=\"column\" data-e-type=\"column\">\n\t\t\t<div class=\"elementor-widget-wrap elementor-element-populated\">\n\t\t\t\t\t\t<div class=\"elementor-element elementor-element-4c90a8e elementor-widget elementor-widget-text-editor\" data-id=\"4c90a8e\" data-element_type=\"widget\" data-e-type=\"widget\" data-widget_type=\"text-editor.default\">\n\t\t\t\t<div class=\"elementor-widget-container\">\n\t\t\t\t\t\t\t\t\t<p>La compa\u00f1\u00eda del Teatro de Malta llega a la XXVII edici\u00f3n de la Feria de Artes Esc\u00e9nicas y Musicales con Castilla-La Mancha con la obra de teatro \u201cMuchos Amigos Negros\u201d, bajo la direcci\u00f3n de Marta Torres, una producci\u00f3n subvencionada por la Junta de Comunidades Comunidad Aut\u00f3noma, y que se estrenar\u00e1 en el Auditorio municipal de Albacete a las 19:00 horas.<\/p>\n<p>La propia directora ha explicado que es un espect\u00e1culo para adultos, que \u201cir\u00e1 muy bien en la FAEMCLM, gracias a su carga profunda sobre el miedo al diferente y que nos hace racista aunque no lo sepamos y no lo queramos reconocer\u201d. \u201cEs una dramaturgia s\u00f3lida, f\u00e1cil de ver y leer e interesante de recibir por parte del espectador\u201d, ha apuntado.<\/p>\n<p>\u201cMuchos Amigos Negros\u201d surge de la alianza entre el Teatro de Malta y la compa\u00f1\u00eda vasca Ados Teatroa, y forma parte de la nueva andadura de esta compa\u00f1\u00eda castellano-manchega, dirigida a un p\u00fablico adulto, bajo la producci\u00f3n de Maialen Fern\u00e1ndez y la interpretaci\u00f3n de Ram\u00f3n Ibarra, Asier Hornaza y Asier Sota.<\/p>\n<p>Esta obra de teatro cuenta la historia de una persona extranjera que entra en un bar y remueve involuntariamente los secretos que escond\u00edan sus dos anfitriones. Al final de la noche, la versi\u00f3n que contar\u00e1n a la polic\u00eda es un cl\u00e1sico: el migrante no ten\u00eda papeles, entr\u00f3 avasallando, les atac\u00f3, quer\u00eda robarles. Ellos s\u00f3lo quer\u00edan hacerle un favor, porque un favor se le hace a cualquiera.<\/p>\n<p>As\u00ed se ha explicado hoy en la comparecencia para informar de la programaci\u00f3n de hoy en la FAEMCLM, que ha contado con la presencia de su director, Antonio Campos; las distribuidoras del espect\u00e1culo de danza \u201cCampo Cerrado\u201d, Mar\u00eda \u00c1ngeles Marchirant y Laura Mar\u00edn; y el programador de la Asociaci\u00f3n de Profesionales de la Gesti\u00f3n Cultural de CLM (ARTEC), Tom\u00e1s Gabriel Mu\u00f1oz.<\/p>\n<p><strong>Campo Cerrado, otro ejemplo de danza en la FAEMCLM<\/strong><\/p>\n<p>Por su parte, la distribuidora de \u201cCampo Cerrado\u201d, Laura Mar\u00edn ha animado a la ciudadan\u00eda a estar hoy en la Plaza del Altozano, a las 13:30 horas, y disfrutar del espect\u00e1culo de la coreograf\u00eda de Daniel Do\u00f1a, artista reconocido a nivel nacional, en torno a las diferentes vanguardias que surgieron en la a posguerra espa\u00f1ola y sobre los conceptos de \u201cidentidad y diversidad\u201d y enfrentamiento entre arte y poder.<\/p>\n<p>Este nuevo espect\u00e1culo en la calle contar\u00e1 en el reparto con Miranda Alfonso, Cristian Marti\u0301n y el propio Daniel Don\u0303a, para dibujar y reflejar t\u00e9rminos como \u201cresistencia, resiliencia y exilio\u201d.<\/p>\n<p>&nbsp;<strong>FAEMCLM y la horizontalidad entre profesionales<\/strong><\/p>\n<p>Adem\u00e1s, las distribuidoras, Mar\u00eda \u00c1ngeles Marchirant y Laura Mar\u00edn han reclamado que las distribuidoras sean parte de un proceso creativo, valorando el aumento de la presencia de mujeres dentro de la figura profesional de la distribuci\u00f3n. \u201cQueremos una horizontalidad entre los profesionales dentro del ecosistema cultural\u201d, han aseverado.<\/p>\n<p>Por su parte, el programador de la Asociaci\u00f3n de Profesionales de la Gesti\u00f3n Cultural de CLM (ARTEC), Tom\u00e1s Gabriel Mu\u00f1oz, ha animado a los distribuidores, programadores y gestores a acudir a citas tan importantes como la FAEMCLM, y ha instado a que haya m\u00e1s presupuesto para aumentar la programaci\u00f3n cultural y especialmente de artes esc\u00e9nicas en entidades locales y ayuntamientos.<\/p>\n<p>En cualquier caso, tanto distribuidoras como programadores han puesto de ejemplo para estos profesionales la FAEMCLM.<\/p>\n<p><strong>Resto de la programaci\u00f3n en el FAEMCLM<\/strong><\/p>\n<p>La jornada de hoy del FAEMCLM ha comenzado hoy con \u201cA barca do inferno\u201d a las 10:00 horas en el Auditorio municipal, gracias a la participaci\u00f3n de la compa\u00f1\u00eda gallega \u201cNauta\u201d del Centro Dram\u00e1tico de Galicia, y que ahonda en el cambio clim\u00e1tico y el estado de los mares y oc\u00e9anos. A la 11:00 horas estuvieron \u201cAmbulantes\u201d en la Calle Ancha de Z Teatro y La Escalera de Tijera, y a las 12:00 \u201cOliva\u201d de Pepa Pedroche en el Teatro Circo, sobre la figura de la fil\u00f3sofa manchega del siglo de Oro, Oliva Sabuco.<\/p>\n<p>Por la tarde completan la jornada, \u201cYou Say Tomato\u201d bajo la direcci\u00f3n de Joan Maria Segura Bernardas, en el Teatro de la Paz a las 16:30 horas, \u201cLas aventuras de Sam\u201d a las 18:30 horas de Miguel de Lucas, tambi\u00e9n en la Plaza del Altozano y se cerrar\u00e1 la jornada con \u201cMuchos amigos negros\u201d.<\/p>\t\t\t\t\t\t\t\t<\/div>\n\t\t\t\t<\/div>\n\t\t\t\t\t<\/div>\n\t\t<\/div>\n\t\t\t\t\t<\/div>\n\t\t<\/section>\n\t\t\t\t<\/div>\n\t\t","protected":false},"excerpt":{"rendered":"<p>La directora de la compa\u00f1\u00eda del Teatro de Malta, Marta Torres ha presentado esta producci\u00f3n, subvencionada por la Junta de Comunidades de Castilla-La Mancha, que se estrenar\u00e1 en el Auditorio [&hellip;]<\/p>\n","protected":false},"author":1,"featured_media":4854,"comment_status":"closed","ping_status":"closed","sticky":false,"template":"","format":"standard","meta":{"site-sidebar-layout":"default","site-content-layout":"","ast-site-content-layout":"default","site-content-style":"default","site-sidebar-style":"default","ast-global-header-display":"","ast-banner-title-visibility":"","ast-main-header-display":"","ast-hfb-above-header-display":"","ast-hfb-below-header-display":"","ast-hfb-mobile-header-display":"","site-post-title":"","ast-breadcrumbs-content":"","ast-featured-img":"","footer-sml-layout":"","ast-disable-related-posts":"","theme-transparent-header-meta":"","adv-header-id-meta":"","stick-header-meta":"","header-above-stick-meta":"","header-main-stick-meta":"","header-below-stick-meta":"","astra-migrate-meta-layouts":"default","ast-page-background-enabled":"default","ast-page-background-meta":{"desktop":{"background-color":"var(--ast-global-color-5)","background-image":"","background-repeat":"repeat","background-position":"center center","background-size":"auto","background-attachment":"scroll","background-type":"","background-media":"","overlay-type":"","overlay-color":"","overlay-opacity":"","overlay-gradient":""},"tablet":{"background-color":"","background-image":"","background-repeat":"repeat","background-position":"center center","background-size":"auto","background-attachment":"scroll","background-type":"","background-media":"","overlay-type":"","overlay-color":"","overlay-opacity":"","overlay-gradient":""},"mobile":{"background-color":"","background-image":"","background-repeat":"repeat","background-position":"center center","background-size":"auto","background-attachment":"scroll","background-type":"","background-media":"","overlay-type":"","overlay-color":"","overlay-opacity":"","overlay-gradient":""}},"ast-content-background-meta":{"desktop":{"background-color":"var(--ast-global-color-4)","background-image":"","background-repeat":"repeat","background-position":"center center","background-size":"auto","background-attachment":"scroll","background-type":"","background-media":"","overlay-type":"","overlay-color":"","overlay-opacity":"","overlay-gradient":""},"tablet":{"background-color":"var(--ast-global-color-4)","background-image":"","background-repeat":"repeat","background-position":"center center","background-size":"auto","background-attachment":"scroll","background-type":"","background-media":"","overlay-type":"","overlay-color":"","overlay-opacity":"","overlay-gradient":""},"mobile":{"background-color":"var(--ast-global-color-4)","background-image":"","background-repeat":"repeat","background-position":"center center","background-size":"auto","background-attachment":"scroll","background-type":"","background-media":"","overlay-type":"","overlay-color":"","overlay-opacity":"","overlay-gradient":""}},"footnotes":""},"categories":[53],"tags":[],"class_list":["post-4848","post","type-post","status-publish","format-standard","has-post-thumbnail","hentry","category-noticia"],"_links":{"self":[{"href":"https:\/\/faemclm.es\/feriaxxix\/wp-json\/wp\/v2\/posts\/4848","targetHints":{"allow":["GET"]}}],"collection":[{"href":"https:\/\/faemclm.es\/feriaxxix\/wp-json\/wp\/v2\/posts"}],"about":[{"href":"https:\/\/faemclm.es\/feriaxxix\/wp-json\/wp\/v2\/types\/post"}],"author":[{"embeddable":true,"href":"https:\/\/faemclm.es\/feriaxxix\/wp-json\/wp\/v2\/users\/1"}],"replies":[{"embeddable":true,"href":"https:\/\/faemclm.es\/feriaxxix\/wp-json\/wp\/v2\/comments?post=4848"}],"version-history":[{"count":0,"href":"https:\/\/faemclm.es\/feriaxxix\/wp-json\/wp\/v2\/posts\/4848\/revisions"}],"wp:featuredmedia":[{"embeddable":true,"href":"https:\/\/faemclm.es\/feriaxxix\/wp-json\/wp\/v2\/media\/4854"}],"wp:attachment":[{"href":"https:\/\/faemclm.es\/feriaxxix\/wp-json\/wp\/v2\/media?parent=4848"}],"wp:term":[{"taxonomy":"category","embeddable":true,"href":"https:\/\/faemclm.es\/feriaxxix\/wp-json\/wp\/v2\/categories?post=4848"},{"taxonomy":"post_tag","embeddable":true,"href":"https:\/\/faemclm.es\/feriaxxix\/wp-json\/wp\/v2\/tags?post=4848"}],"curies":[{"name":"wp","href":"https:\/\/api.w.org\/{rel}","templated":true}]}}