{"id":18122,"date":"2021-10-07T18:00:03","date_gmt":"2021-10-07T16:00:03","guid":{"rendered":"https:\/\/faemclm.es\/feriaxxv\/?p=18122"},"modified":"2021-10-08T11:13:49","modified_gmt":"2021-10-08T09:13:49","slug":"el-gobierno-regional-recupera-la-presencialidad-de-la-feria-de-artes-escenicas-y-musicales-con-una-destacada-apuesta-por-los-espectaculos-en-la-calle","status":"publish","type":"post","link":"https:\/\/faemclm.es\/feriaxxv\/el-gobierno-regional-recupera-la-presencialidad-de-la-feria-de-artes-escenicas-y-musicales-con-una-destacada-apuesta-por-los-espectaculos-en-la-calle\/","title":{"rendered":"El Gobierno regional recupera la presencialidad de la Feria de Artes Esc\u00e9nicas y Musicales con una destacada apuesta por los espect\u00e1culos en la calle"},"content":{"rendered":"<div class=\"wpb-content-wrapper\"><p>[vc_row][vc_column][vc_column_text]<\/p>\n<p style=\"text-align: justify;\"><span style=\"font-size: 16px;\"><b style=\"font-size: 16px;\">La consejera de Educaci\u00f3n, Cultura y Deportes, Rosa Ana <\/b><span style=\"font-size: 16px;\"><b>Rodr\u00edguez<\/b><\/span><b style=\"font-size: 16px;\">, ha explicado que la cita, que se celebrar\u00e1 en Albacete de forma presencial del 2 al 7 de noviembre, acoger\u00e1 a 34 compa\u00f1\u00edas procedentes de diez comunidades aut\u00f3nomas, de las que once ser\u00e1n de Castilla-La Mancha.<\/b><\/span><\/p>\n<p style=\"text-align: justify;\"><span style=\"font-size: 14px;\">En Albacete el Gobierno regional recupera la presencialidad de la Feria de Artes Esc\u00e9nicas y Musicales de Castilla-La Mancha, que celebrar\u00e1 en Albacete su 25 edici\u00f3n del 2 al 7 de noviembre y contar\u00e1 con una destacada apuesta por los espect\u00e1culos en la calle.<\/span><\/p>\n<p style=\"text-align: justify;\"><span style=\"font-size: 14px;\"><a href=\"https:\/\/faemclm.es\/feriaxxv\/wp-content\/uploads\/2021\/10\/RP_XXV_FERIA-AAEE_001.jpg\"><img loading=\"lazy\" decoding=\"async\" class=\"alignleft wp-image-18124 size-medium\" src=\"https:\/\/faemclm.es\/feriaxxv\/wp-content\/uploads\/2021\/10\/RP_XXV_FERIA-AAEE_001-300x200.jpg\" alt=\"\" width=\"300\" height=\"200\" srcset=\"https:\/\/faemclm.es\/feriaxxv\/wp-content\/uploads\/2021\/10\/RP_XXV_FERIA-AAEE_001-300x200.jpg 300w, https:\/\/faemclm.es\/feriaxxv\/wp-content\/uploads\/2021\/10\/RP_XXV_FERIA-AAEE_001-1024x682.jpg 1024w, https:\/\/faemclm.es\/feriaxxv\/wp-content\/uploads\/2021\/10\/RP_XXV_FERIA-AAEE_001-768x512.jpg 768w, https:\/\/faemclm.es\/feriaxxv\/wp-content\/uploads\/2021\/10\/RP_XXV_FERIA-AAEE_001.jpg 1091w\" sizes=\"auto, (max-width: 300px) 100vw, 300px\" \/><\/a>La consejera de Educaci\u00f3n, Cultura y Deportes, Rosa Ana Rodr\u00edguez, ha presentado la propuesta esc\u00e9nica, en una rueda de prensa que ha tenido lugar en el \u2018Teatro Circo\u2019 de Albacete. En la misma, ha estado acompa\u00f1ada del delegado de la Junta en la provincia, Pedro Antonio Ruiz Santos; del presidente de la Diputaci\u00f3n, Santiago Caba\u00f1ero; del director de la Feria, Antonio Campos; y del alcalde de la ciudad, Emilio S\u00e1ez\u00a0\u00a0 \u00a0<\/span><\/p>\n<p style=\"text-align: justify;\"><span style=\"font-size: 14px;\">En sus declaraciones, la consejera de Educaci\u00f3n y Cultura ha explicado que la Feria de este a\u00f1o vuelve a un escenario de m\u00e1xima presencialidad, retomando tanto en las calles como en los escenarios los espect\u00e1culos de teatro, danza, circo y m\u00fasica que en otras ediciones ocupaban la programaci\u00f3n.\u00a0\u00a0<\/span><\/p>\n<p style=\"text-align: justify;\"><span style=\"font-size: 14px;\">Como novedades, la oferta del programa estar\u00e1 formada por cuatro estrenos estatales, obras destinadas al p\u00fablico infantil, joven y adulto, adem\u00e1s de propuestas de teatro social, que constituyen una herramienta de dinamizaci\u00f3n comunitaria ante los problemas que sufre la sociedad.<\/span><\/p>\n<p style=\"text-align: justify;\"><span style=\"font-size: 14px;\">Adem\u00e1s, la cita tambi\u00e9n va a retomar los eventos celebrado en la v\u00eda p\u00fablica, as\u00ed como los conciertos y los espect\u00e1culos de circo y de danza.<\/span><\/p>\n<p><a href=\"https:\/\/faemclm.es\/feriaxxv\/wp-content\/uploads\/2021\/10\/RP_XXV_FERIA-AAEE_002.jpg\"><img loading=\"lazy\" decoding=\"async\" class=\"alignright wp-image-18125 size-medium\" src=\"https:\/\/faemclm.es\/feriaxxv\/wp-content\/uploads\/2021\/10\/RP_XXV_FERIA-AAEE_002-300x200.jpg\" alt=\"\" width=\"300\" height=\"200\" srcset=\"https:\/\/faemclm.es\/feriaxxv\/wp-content\/uploads\/2021\/10\/RP_XXV_FERIA-AAEE_002-300x200.jpg 300w, https:\/\/faemclm.es\/feriaxxv\/wp-content\/uploads\/2021\/10\/RP_XXV_FERIA-AAEE_002-1024x683.jpg 1024w, https:\/\/faemclm.es\/feriaxxv\/wp-content\/uploads\/2021\/10\/RP_XXV_FERIA-AAEE_002-768x512.jpg 768w, https:\/\/faemclm.es\/feriaxxv\/wp-content\/uploads\/2021\/10\/RP_XXV_FERIA-AAEE_002-1536x1024.jpg 1536w\" sizes=\"auto, (max-width: 300px) 100vw, 300px\" \/><\/a><\/p>\n<p style=\"text-align: justify;\"><span style=\"font-size: 14px;\">Asimismo, Rosa Ana Rodr\u00edguez ha revindicado la importan<\/span><span style=\"font-size: 14px;\">cia de la presencialidad para el teatro y ha recordado que los espacios esc\u00e9nicos en que se celebrar\u00e1 la muestra ser\u00e1n el \u2018Teatro Circo\u2019, el \u2018Auditorio Municipal\u2019, el \u2018Teatro de la Paz\u2019, el \u2018Centro Cultural de la Asunci\u00f3n\u2019, la Casa de Cultura \u2018Jos\u00e9 Saramago\u2019 y las calles de la ciudad de Albacete.<\/span><\/p>\n<p style=\"text-align: justify;\"><span style=\"font-size: 14px;\">En la rueda de prensa, junto a la consejera de Educaci\u00f3n, Cultura y Deportes, tambi\u00e9n han estado presentes la vocal de la Comisi\u00f3n Art\u00edstica de la Feria, Mar\u00eda S\u00e1nchez; la vicepresidenta de AMITE, Ana Trujillo; la vicepresidenta de FAVA, Amparo Villar; la vicepresidenta de ARTEC, Maria \u00c1ngeles Garc\u00eda; los socios de ESCENOCAM, Juan Cuevas y Jos\u00e9 Lu\u00eds Reino; y el socio de AUNARTE, Alberto Alfaro.\u00a0\u00a0\u00a0\u00a0<\/span><\/p>\n<p style=\"text-align: justify;\"><span style=\"font-size: 14px;\"><strong>Las compa\u00f1\u00edas y las obras de la XXV edici\u00f3n <\/strong><\/span><\/p>\n<p style=\"text-align: justify;\"><span style=\"font-size: 14px;\">La XXV edici\u00f3n de la Feria de Artes Esc\u00e9nicas y Musicales acoger\u00e1 a 34 compa\u00f1\u00edas procedentes de diez comunidades aut\u00f3nomas, de las que once ser\u00e1n de Castilla-La Mancha. As\u00ed, participar\u00e1n compa\u00f1\u00edas con obras como \u2018La odisea de Magallanes Elcano\u2019, de Teatro Cl\u00e1sico de Sevilla; \u2018Don Quijote somos todos\u2019, de El Temple Teatro; \u2018Picaros\u2019, de MIC Producciones; \u2018Heredaras la lluvia\u2019, de L\u00b4om Imprevis; y \u2018Conquistadores\u2019, de Proyecto Cultura.<\/span><\/p>\n<p style=\"text-align: justify;\"><span style=\"font-size: 14px;\">Tambi\u00e9n habr\u00e1 obras como \u2018El viento es salvaje\u2019, de Las ni\u00f1as de C\u00e1diz; \u2018La Incre\u00edble Historia de Juan Latino\u2019, de Claroscuro; \u2018Si yo fuera madre\u2019, de La Suite; \u2018Carsi\u2019, de Noviembre; \u2018DEMO, Eleg\u00eda del momento\u2019, de The Nose Theater; \u2018Enlorquiadas\u2019, de Compa\u00f1\u00eda Mayte Ballesteros; \u2018Blancanieves\u2019, de La Chana; \u2018En el kil\u00f3metro 523\u2019, de 300 las Blancas.<\/span><\/p>\n<p style=\"text-align: justify;\"><span style=\"font-size: 14px;\">Igualmente, se podr\u00e1n contemplar representaciones como \u2018Francisca\u2019, de Productora 099; \u2018La garnacha de los bufones\u2019, de Corrales de comedias; \u2018Everlasting love\u2019, de Mayte Olmedilla; \u2018Blu, historia de una semilla\u2019, de Naranja lima; \u2018Doble burbuja\u2019, de 7 burbujas acci\u00f3n cultural; \u2018Tesla y Edison\u2019, de \u00c1ngulo producciones; \u2018La Luna en un cazo un espect\u00e1culo incomprendid\u2019, de la Petita Malumaluga.<\/span><\/p>\n<p style=\"text-align: justify;\"><span style=\"font-size: 14px;\">Del mismo modo, se podr\u00e1 visualizar \u2018Este de venir\u2019, de Karmento; \u2018Paseando el Swing Swing\u2019, de Swing Machine Orchestra; \u2018Versioneando\u2019, de Gemenco; \u2018Prometeo\u2019, de Tupa percusi\u00f3n; \u2018Maletas de tierra\u2019, de Visitants escenica; \u2018Run away\u2019, de Rolling circus; \u2018Imagina \u00a1un circo m\u00e1gico!\u2019, de C\u00eda Danidanielo; \u2018Un d\u00eda de cine\u2019, de cirk about it; \u2018Lo(w) cos(t) (por bailar)\u2019, de Fernando Hurtado; \u2018Roda\u2019, de Marea danza; \u2018En la cuerda floja\u2019, de Ana Morales; \u2018Fantas\u00eda\u2019, de Alejandro Lara Dance; \u2018Bat 2021\u2019, de Dantzaz; y \u2018\u00a1\u00a1A ver \u00a1\u00a1\u2026\u2019, de Ambulantes teatro y danza.\u00a0\u00a0\u00a0\u00a0\u00a0<\/span><\/p>\n<p>[\/vc_column_text][\/vc_column][\/vc_row][vc_row css=\u00bb.vc_custom_1633684212297{margin-right: 5% !important;margin-left: 5% !important;}\u00bb][vc_column][vc_empty_space][vc_gallery type=\u00bbimage_grid\u00bb images=\u00bb18123,18124,18130,18125,18131,18129,18128,18127,18126,18132,18133&#8243;][\/vc_column][\/vc_row]<\/p>\n<\/div>","protected":false},"excerpt":{"rendered":"<p>[vc_row][vc_column][vc_column_text] La consejera de Educaci\u00f3n, Cultura y Deportes, Rosa Ana Rodr\u00edguez, ha explicado que la cita, que se celebrar\u00e1 en Albacete de [&hellip;]<\/p>\n","protected":false},"author":1,"featured_media":18123,"comment_status":"closed","ping_status":"closed","sticky":false,"template":"","format":"standard","meta":{"footnotes":""},"categories":[166],"tags":[],"class_list":["post-18122","post","type-post","status-publish","format-standard","has-post-thumbnail","hentry","category-rueda-prensa"],"_links":{"self":[{"href":"https:\/\/faemclm.es\/feriaxxv\/wp-json\/wp\/v2\/posts\/18122","targetHints":{"allow":["GET"]}}],"collection":[{"href":"https:\/\/faemclm.es\/feriaxxv\/wp-json\/wp\/v2\/posts"}],"about":[{"href":"https:\/\/faemclm.es\/feriaxxv\/wp-json\/wp\/v2\/types\/post"}],"author":[{"embeddable":true,"href":"https:\/\/faemclm.es\/feriaxxv\/wp-json\/wp\/v2\/users\/1"}],"replies":[{"embeddable":true,"href":"https:\/\/faemclm.es\/feriaxxv\/wp-json\/wp\/v2\/comments?post=18122"}],"version-history":[{"count":0,"href":"https:\/\/faemclm.es\/feriaxxv\/wp-json\/wp\/v2\/posts\/18122\/revisions"}],"wp:featuredmedia":[{"embeddable":true,"href":"https:\/\/faemclm.es\/feriaxxv\/wp-json\/wp\/v2\/media\/18123"}],"wp:attachment":[{"href":"https:\/\/faemclm.es\/feriaxxv\/wp-json\/wp\/v2\/media?parent=18122"}],"wp:term":[{"taxonomy":"category","embeddable":true,"href":"https:\/\/faemclm.es\/feriaxxv\/wp-json\/wp\/v2\/categories?post=18122"},{"taxonomy":"post_tag","embeddable":true,"href":"https:\/\/faemclm.es\/feriaxxv\/wp-json\/wp\/v2\/tags?post=18122"}],"curies":[{"name":"wp","href":"https:\/\/api.w.org\/{rel}","templated":true}]}}