{"id":18191,"date":"2021-10-25T15:00:49","date_gmt":"2021-10-25T13:00:49","guid":{"rendered":"https:\/\/faemclm.es\/feriaxxv\/?p=18191"},"modified":"2021-10-26T16:11:38","modified_gmt":"2021-10-26T14:11:38","slug":"la-xxv-feria-de-artes-escenicas-y-musicales-de-castilla-la-mancha-apuesta-por-los-abonos-para-llegar-a-todo-el-publico","status":"publish","type":"post","link":"https:\/\/faemclm.es\/feriaxxv\/la-xxv-feria-de-artes-escenicas-y-musicales-de-castilla-la-mancha-apuesta-por-los-abonos-para-llegar-a-todo-el-publico\/","title":{"rendered":"La XXV Feria de Artes Esc\u00e9nicas y Musicales de Castilla- La Mancha apuesta por los abonos para llegar a todo el p\u00fablico"},"content":{"rendered":"<div class=\"wpb-content-wrapper\"><p>[vc_row][vc_column][vc_column_text]<\/p>\n<p style=\"text-align: justify;\">El Gobierno regional apuesta un a\u00f1o m\u00e1s por la Feria de Artes Esc\u00e9nicas y Musicales de Castilla-La Mancha, que celebrar\u00e1 en Albacete su 25 edici\u00f3n del 2 al 7 de noviembre. Adem\u00e1s de los profesionales que acudir\u00e1n a la cita, se ha querido hacer part\u00edcipe a la ciudadan\u00eda con una serie de abonos que har\u00e1n m\u00e1s accesibles al p\u00fablico general las propuestas m\u00e1s destacadas.<\/p>\n<p style=\"text-align: justify;\">Es especialmente rese\u00f1able la apuesta por el p\u00fablico familiar como futuro de la actividad esc\u00e9nica. A tal efecto se ha creado el abono familiar al precio de diez euros. El mismo incluye la posibilidad de acudir a representaciones como \u2018En el kil\u00f3metro 523\u2019, que tendr\u00e1 lugar el s\u00e1bado 6 de noviembre; y \u2018Doble burbuja, el domingo 7. Aquellas personas que ya dispongan de este abono podr\u00e1 asistir tambi\u00e9n a la obra \u2018La luna en un cazo\u2019, que se celebrar\u00e1 el d\u00eda 7 de noviembre en el Teatro Circo con aforo limitado.<\/p>\n<p style=\"text-align: justify;\">Adem\u00e1s, se han creado otras tres modalidades m\u00e1s: uno, el abono para el p\u00fablico en general, con un precio de 60 euros; un segundo, destinado a las personas abonadas a la programaci\u00f3n de Cultural Albacete, con un precio de 50 euros; y un tercer y \u00faltimo abono, para j\u00f3venes de 16 a 30 a\u00f1os, con un precio de 25 euros. Todos ellos incluir\u00e1n la posibilidad de asistencia a 13 espect\u00e1culos: \u2018Don Quijote somos todos\u2019, \u2018Heredar\u00e1s la lluvia\u2019, \u2018Si yo fuera madre\u2019, \u2018El viento es salvaje\u2019, \u2018En la cuerda floja\u2019, \u2018La Odisea de los Magallanes\u2019, \u2018Este devenir\u2019, \u2018Carsi\u2019, \u2018Enlorquiadas\u2019, \u2018Low cost\u2019, \u2018Bat 2021\u2019, \u2018Fantas\u00eda\u2019 y \u2018P\u00edcaros\u2019.<\/p>\n<p style=\"text-align: justify;\">Los abonos podr\u00e1n adquirirse en el Teatro Circo de Albacete, de lunes a viernes, en horario de 10:00 horas a 13:00 horas. Del mismo modo, las entradas individuales podr\u00e1n solicitarse en este recinto y en el mismo horario o a trav\u00e9s del portal globalentradas.com.<\/p>\n<p style=\"text-align: justify;\"><strong>Las propuestas de esta edici\u00f3n<\/strong><\/p>\n<p style=\"text-align: justify;\">La XXV edici\u00f3n de la Feria de Artes Esc\u00e9nicas y Musicales acoger\u00e1 a 34 compa\u00f1\u00edas procedentes de diez comunidades aut\u00f3nomas, de las que once ser\u00e1n de Castilla-La Mancha. As\u00ed, participar\u00e1n compa\u00f1\u00edas con obras como \u2018La odisea de Magallanes Elcano\u2019, de Teatro Cl\u00e1sico de Sevilla; \u2018Don Quijote somos todos\u2019, de Teatro del Temple; \u2018Picaros\u2019, de MIC Producciones; \u2018Heredar\u00e1s la lluvia\u2019, de L&#8217;om Impreb\u00eds; y \u2018Conquistadores\u2019, de Proyecto Cultura.<\/p>\n<p style=\"text-align: justify;\">Tambi\u00e9n habr\u00e1 obras como \u2018El viento es salvaje\u2019, de Las ni\u00f1as de C\u00e1diz; \u2018La Incre\u00edble Historia de Juan Latino\u2019, de Claroscuro; \u2018Si yo fuera madre\u2019, de La Suite; \u2018Carsi\u2019, de Noviembre; \u2018DEMO, Eleg\u00eda del momento\u2019, de The Nose Theater; \u2018Enlorquiadas\u2019, de Compa\u00f1\u00eda Mayte Ballesteros; \u2018Blancanieves\u2019, de La Chana o \u2018En el kil\u00f3metro 523\u2019, de 300 las Blancas.<\/p>\n<p style=\"text-align: justify;\">Igualmente, se podr\u00e1n contemplar representaciones como \u2018Francisca\u2019, de Productora 099; \u2018La garnacha de los bufones\u2019, de Corrales de comedias; \u2018Everlasting love\u2019, de Mayte Olmedilla; \u2018Blu, historia de una semilla\u2019, de Naranja lima; \u2018Doble burbuja\u2019, de 7 burbujas acci\u00f3n cultural; \u2018Tesla y Edison\u2019, de \u00c1ngulo producciones o \u2018La Luna en un cazo (un espect\u00e1culo incomprendido)\u2019, de la Petita Malumaluga.<\/p>\n<p style=\"text-align: justify;\">Del mismo modo, se podr\u00e1 disfrutar de \u2018Este de venir\u2019, de Karmento; \u2018Paseando el Swing Swing\u2019, de Swing Machine Orchestra; \u2018Versioneando\u2019, de Gemenco; \u2018Prometeo\u2019, de Tupa percusi\u00f3n; \u2018Maletas de tierra\u2019, de Visitants escenica; \u2018Run away\u2019, de Rolling circus; \u2018Imagina \u00a1un circo m\u00e1gico!\u2019, de C\u00eda Danidanielo; \u2018Un d\u00eda de cine\u2019, de cirk about it; \u2018Lo(w) cos(t) (por bailar)\u2019, de Fernando Hurtado; \u2018Roda\u2019, de Marea danza; \u2018En la cuerda floja\u2019, de Ana Morales; \u2018Fantas\u00eda\u2019, de Alejandro Lara Dance; \u2018Bat 2021\u2019, de Dantzaz; y \u2018\u00a1\u00a1A ver \u00a1\u00a1\u2026\u2019, de Ambulantes teatro y danza.<\/p>\n<p>[\/vc_column_text][vc_empty_space height=\u00bb64px\u00bb][\/vc_column][\/vc_row][vc_row][vc_column width=\u00bb1\/2&#8243;][vc_single_image image=\u00bb18192&#8243; img_size=\u00bbmedium\u00bb alignment=\u00bbcenter\u00bb onclick=\u00bblink_image\u00bb][\/vc_column][vc_column width=\u00bb1\/2&#8243;][vc_single_image image=\u00bb18193&#8243; img_size=\u00bbmedium\u00bb alignment=\u00bbcenter\u00bb onclick=\u00bblink_image\u00bb][\/vc_column][\/vc_row]<\/p>\n<\/div>","protected":false},"excerpt":{"rendered":"<p>[vc_row][vc_column][vc_column_text] El Gobierno regional apuesta un a\u00f1o m\u00e1s por la Feria de Artes Esc\u00e9nicas y Musicales de Castilla-La Mancha, que celebrar\u00e1 en [&hellip;]<\/p>\n","protected":false},"author":1,"featured_media":18194,"comment_status":"closed","ping_status":"closed","sticky":false,"template":"","format":"standard","meta":{"footnotes":""},"categories":[167],"tags":[],"class_list":["post-18191","post","type-post","status-publish","format-standard","has-post-thumbnail","hentry","category-noticia"],"_links":{"self":[{"href":"https:\/\/faemclm.es\/feriaxxv\/wp-json\/wp\/v2\/posts\/18191","targetHints":{"allow":["GET"]}}],"collection":[{"href":"https:\/\/faemclm.es\/feriaxxv\/wp-json\/wp\/v2\/posts"}],"about":[{"href":"https:\/\/faemclm.es\/feriaxxv\/wp-json\/wp\/v2\/types\/post"}],"author":[{"embeddable":true,"href":"https:\/\/faemclm.es\/feriaxxv\/wp-json\/wp\/v2\/users\/1"}],"replies":[{"embeddable":true,"href":"https:\/\/faemclm.es\/feriaxxv\/wp-json\/wp\/v2\/comments?post=18191"}],"version-history":[{"count":0,"href":"https:\/\/faemclm.es\/feriaxxv\/wp-json\/wp\/v2\/posts\/18191\/revisions"}],"wp:featuredmedia":[{"embeddable":true,"href":"https:\/\/faemclm.es\/feriaxxv\/wp-json\/wp\/v2\/media\/18194"}],"wp:attachment":[{"href":"https:\/\/faemclm.es\/feriaxxv\/wp-json\/wp\/v2\/media?parent=18191"}],"wp:term":[{"taxonomy":"category","embeddable":true,"href":"https:\/\/faemclm.es\/feriaxxv\/wp-json\/wp\/v2\/categories?post=18191"},{"taxonomy":"post_tag","embeddable":true,"href":"https:\/\/faemclm.es\/feriaxxv\/wp-json\/wp\/v2\/tags?post=18191"}],"curies":[{"name":"wp","href":"https:\/\/api.w.org\/{rel}","templated":true}]}}