{"id":18204,"date":"2021-10-26T18:30:06","date_gmt":"2021-10-26T16:30:06","guid":{"rendered":"https:\/\/faemclm.es\/feriaxxv\/?p=18204"},"modified":"2021-11-03T11:07:51","modified_gmt":"2021-11-03T10:07:51","slug":"antonio-campos-director-artistico-de-la-feria-de-artes-escenicas-y-musicales-de-castilla-la-mancha-se-reune-con-alumnos-de-artes-escenicas-de-albacete","status":"publish","type":"post","link":"https:\/\/faemclm.es\/feriaxxv\/antonio-campos-director-artistico-de-la-feria-de-artes-escenicas-y-musicales-de-castilla-la-mancha-se-reune-con-alumnos-de-artes-escenicas-de-albacete\/","title":{"rendered":"Antonio Campos, director art\u00edstico de la Feria de Artes Esc\u00e9nicas y Musicales  de Castilla-La Mancha, se re\u00fane con alumnos de artes esc\u00e9nicas de Albacete"},"content":{"rendered":"<p><strong><span class=\"\">\u00a7 <\/span>El responsable art\u00edstico de la Feria ha hecho una panor\u00e1mica sobre las vicisitudes del oficio art\u00edstico ante el inter\u00e9s de los futuros profesionales de las artes esc\u00e9nicas castellanomanchegas<\/strong><\/p>\n<p style=\"text-align: justify;\">Encuadrado como un adelanto de la Feria de Artes Esc\u00e9nicas y Musicales de Castilla-La Mancha, que se celebrar\u00e1 en Albacete su 25 edici\u00f3n del 2 al 7 de noviembre en Albacete, Campos ha hablado sobre la interpretaci\u00f3n, la producci\u00f3n, la distribuci\u00f3n y todos aquellos aspectos del acontecer de la escena que han podido ser de inter\u00e9s para los j\u00f3venes asistentes.<\/p>\n<p style=\"text-align: justify;\">\u201cEste tipo de propuestas conllevan que los alumnos puedan conocer de primera mano la informaci\u00f3n de un profesional que se gana vida gracias al arte\u201d, ha valorado el protagonista de espect\u00e1culos como La Celestina. Este encuentro \u201cha supuesto un empuj\u00f3n para que puedan desarrollar cada uno sus facultades dentro de las artes vivas\u201d, como ha recalcado el responsable art\u00edstico de la de la XXV Feria de Artes Esc\u00e9nicas y Musicales de Castilla-La Mancha.<\/p>\n<p style=\"text-align: justify;\"><a href=\"https:\/\/faemclm.es\/feriaxxv\/wp-content\/uploads\/2021\/10\/Fotonoticia-Antonio-campos.jpg\"><img loading=\"lazy\" decoding=\"async\" class=\"alignleft wp-image-18264\" src=\"https:\/\/faemclm.es\/feriaxxv\/wp-content\/uploads\/2021\/10\/Fotonoticia-Antonio-campos-300x200.jpg\" alt=\"\" width=\"359\" height=\"239\" srcset=\"https:\/\/faemclm.es\/feriaxxv\/wp-content\/uploads\/2021\/10\/Fotonoticia-Antonio-campos-300x200.jpg 300w, https:\/\/faemclm.es\/feriaxxv\/wp-content\/uploads\/2021\/10\/Fotonoticia-Antonio-campos-1024x683.jpg 1024w, https:\/\/faemclm.es\/feriaxxv\/wp-content\/uploads\/2021\/10\/Fotonoticia-Antonio-campos-768x512.jpg 768w, https:\/\/faemclm.es\/feriaxxv\/wp-content\/uploads\/2021\/10\/Fotonoticia-Antonio-campos.jpg 1234w\" sizes=\"auto, (max-width: 359px) 100vw, 359px\" \/><\/a>Una iniciativa con la mirada puesta en los futuros espectadores. Sin sentar las bases de un p\u00fablico que va a ser el porvenir, las artes esc\u00e9nicas no podr\u00e1n sobrevivir como ese eterno enfermo con salud de hierro que ha demostrado ser durante siglos. De ah\u00ed la importancia \u201cde una labor que si no hacemos desde las compa\u00f1\u00edas y las ferias nos iremos desnutriendo de espectadores futuros\u201d.<\/p>\n<p style=\"text-align: justify;\">Una manera de aunar educaci\u00f3n y cultura. El m\u00e1ximo responsable art\u00edstico de la Feria ha puesto en valor en esta charla la importancia de las artes esc\u00e9nicas entre los m\u00e1s j\u00f3venes. As\u00ed: \u201cEl teatro es un canal directo para educar la empat\u00eda entre los seres humanos. Tambi\u00e9n sirve para poner en relieve el poder de la palabra, generando pensamientos propios. Adem\u00e1s estimula el poder la imaginaci\u00f3n\u201d, comenta Antonio Campos. Otro aspecto que ha rese\u00f1ado es poner en primer t\u00e9rmino que aunque a veces el entorno solo valore que el teatro no genere riqueza econ\u00f3mica: \u201cLa felicidad m\u00e1s amplia se genera cuando vivimos nuestros propios sue\u00f1os\u201d. Hecho que a buen seguro ser\u00e1 el caso de muchos de los asistentes a la charla del int\u00e9rprete.<\/p>\n<p style=\"text-align: justify;\">Finalmente, Campos se ha referido a la necesidad tambi\u00e9n de adaptar las propuestas a las necesidades del mercado de las artes esc\u00e9nicas. De ah\u00ed, la importancia de la consolidaci\u00f3n en su XXV Aniversario de una feria como esta: \u201cEs como cualquier feria de mercado, donde se intercambian las \u00faltimas tendencias culturales de cada comunidad y las exponemos en un mercado donde gestores, programadores, compa\u00f1\u00edas y distribuidores ven hacia donde vamos, d\u00f3nde estamos y hacia d\u00f3nde venimos\u201d, ha concluido el director art\u00edstico de la Feria.<\/p>\n","protected":false},"excerpt":{"rendered":"<p>\u00a7 El responsable art\u00edstico de la Feria ha hecho una panor\u00e1mica sobre las vicisitudes del oficio art\u00edstico ante el inter\u00e9s de los [&hellip;]<\/p>\n","protected":false},"author":1,"featured_media":18205,"comment_status":"closed","ping_status":"closed","sticky":false,"template":"","format":"standard","meta":{"footnotes":""},"categories":[167],"tags":[],"class_list":["post-18204","post","type-post","status-publish","format-standard","has-post-thumbnail","hentry","category-noticia"],"_links":{"self":[{"href":"https:\/\/faemclm.es\/feriaxxv\/wp-json\/wp\/v2\/posts\/18204","targetHints":{"allow":["GET"]}}],"collection":[{"href":"https:\/\/faemclm.es\/feriaxxv\/wp-json\/wp\/v2\/posts"}],"about":[{"href":"https:\/\/faemclm.es\/feriaxxv\/wp-json\/wp\/v2\/types\/post"}],"author":[{"embeddable":true,"href":"https:\/\/faemclm.es\/feriaxxv\/wp-json\/wp\/v2\/users\/1"}],"replies":[{"embeddable":true,"href":"https:\/\/faemclm.es\/feriaxxv\/wp-json\/wp\/v2\/comments?post=18204"}],"version-history":[{"count":0,"href":"https:\/\/faemclm.es\/feriaxxv\/wp-json\/wp\/v2\/posts\/18204\/revisions"}],"wp:featuredmedia":[{"embeddable":true,"href":"https:\/\/faemclm.es\/feriaxxv\/wp-json\/wp\/v2\/media\/18205"}],"wp:attachment":[{"href":"https:\/\/faemclm.es\/feriaxxv\/wp-json\/wp\/v2\/media?parent=18204"}],"wp:term":[{"taxonomy":"category","embeddable":true,"href":"https:\/\/faemclm.es\/feriaxxv\/wp-json\/wp\/v2\/categories?post=18204"},{"taxonomy":"post_tag","embeddable":true,"href":"https:\/\/faemclm.es\/feriaxxv\/wp-json\/wp\/v2\/tags?post=18204"}],"curies":[{"name":"wp","href":"https:\/\/api.w.org\/{rel}","templated":true}]}}