{"id":18262,"date":"2021-11-02T20:15:05","date_gmt":"2021-11-02T19:15:05","guid":{"rendered":"https:\/\/faemclm.es\/feriaxxv\/?p=18262"},"modified":"2021-11-03T11:09:21","modified_gmt":"2021-11-03T10:09:21","slug":"gala-presentacion-de-la-xxv-feria-de-artes-escenicas-y-musicales-de-castilla-la-mancha","status":"publish","type":"post","link":"https:\/\/faemclm.es\/feriaxxv\/gala-presentacion-de-la-xxv-feria-de-artes-escenicas-y-musicales-de-castilla-la-mancha\/","title":{"rendered":"Gala presentaci\u00f3n de la XXV Feria de Artes Esc\u00e9nicas y Musicales de Castilla-La Mancha"},"content":{"rendered":"<p style=\"text-align: justify;\"><span style=\"font-size: 14px;\"><b class=\"\"><span class=\"\">\u00a7\u00a0 Rosa Ana Rodr\u00edguez ha subrayado \u00a0\u201cla apuesta\u201d por la Feria de las Artes Esc\u00e9nicas y Musicales, un encuentro que celebrar\u00e1 del 2 al 7 de noviembre, que recuperar\u00e1 la presencialidad y que contar\u00e1 con una importante apuesta por los espect\u00e1culos de calle.\u00a0<\/span><\/b><\/span><\/p>\n<p style=\"text-align: justify;\"><span style=\"font-size: 14px;\">La consejera de Educaci\u00f3n, Cultura y Deportes ha destacado \u201cla apuesta\u201d en general por las artes esc\u00e9nicas y musicales de la Comunidad Aut\u00f3noma y, en particular, por la Feria de las Artes Esc\u00e9nicas y Musicales de Castilla-La Mancha. Un encuentro que, seg\u00fan ha explicado, \u201crecupera la presencialidad y cuenta con una importante apuesta por los espect\u00e1culos de calle\u201d.<\/span><\/p>\n<p style=\"text-align: justify;\"><span style=\"font-size: 14px;\">La cita, que se celebra en Albacete de forma presencial del 2 al 7 de noviembre, acoger\u00e1 a 34 compa\u00f1\u00edas procedentes de diez comunidades aut\u00f3nomas, de las que once ser\u00e1n de Castilla-La Mancha.<\/span><\/p>\n<p style=\"text-align: justify;\"><span style=\"font-size: 14px;\">La oferta del programa estar\u00e1 formada por cuatro estrenos nacionales, obras destinadas al p\u00fablico infantil, joven y adulto, adem\u00e1s de propuestas de teatro social, que constituyen una herramienta de dinamizaci\u00f3n comunitaria ante los problemas que sufre la sociedad.<\/span><\/p>\n<p style=\"text-align: justify;\"><span style=\"font-size: 14px;\">Adem\u00e1s, la cita tambi\u00e9n va a retomar los eventos celebrados en la v\u00eda p\u00fablica, los conciertos y los espect\u00e1culos de circo y de danza, adem\u00e1s de contar con unas jornadas dirigidas a los gestores culturales y con la presencia de m\u00e1s de 1.000 escolares.\u00a0<\/span><\/p>\n<p style=\"text-align: justify;\"><span style=\"font-size: 14px;\">Rosa Ana Rodr\u00edguez ha comentado que \u201choy estamos de enhorabuena, inaugurando 25 a\u00f1os de un gran recorrido hist\u00f3rico y cultural que habla de que la cultura en Albacete no para y de que el Gobierno regional va a estar siempre en la ciudad y en la provincia, favoreciendo y potenciando la cultura\u201d.\u00a0\u00a0\u00a0<\/span><\/p>\n<p style=\"text-align: justify;\"><span style=\"font-size: 14px;\"><strong>Las compa\u00f1\u00edas y las obras<\/strong><\/span><\/p>\n<p style=\"text-align: justify;\"><span style=\"font-size: 14px;\">La XXV edici\u00f3n de la Feria de Artes Esc\u00e9nicas y Musicales acoger\u00e1 a 34 compa\u00f1\u00edas procedentes de diez comunidades aut\u00f3nomas, de las que once ser\u00e1n de Castilla-La Mancha. As\u00ed, participar\u00e1n compa\u00f1\u00edas con obras como \u2018La odisea de Magallanes Elcano\u2019, de Teatro Cl\u00e1sico de Sevilla; \u2018Don Quijote somos todos\u2019, de El Temple Teatro; \u2018Picaros\u2019, de MIC Producciones; \u2018Heredaras la lluvia\u2019, de L\u00b4om Imprevis; y \u2018Conquistadores\u2019, de Proyecto Cultura.<\/span><\/p>\n<p style=\"text-align: justify;\"><span style=\"font-size: 14px;\">Tambi\u00e9n habr\u00e1 obras como \u2018El viento es salvaje\u2019, de Las ni\u00f1as de C\u00e1diz; \u2018La Incre\u00edble Historia de Juan Latino\u2019, de Claroscuro; \u2018Si yo fuera madre\u2019, de La Suite; \u2018Carsi\u2019, de Noviembre; \u2018DEMO, Eleg\u00eda del momento\u2019, de The Nose Theater; \u2018Enlorquiadas\u2019, de Compa\u00f1\u00eda Mayte Ballesteros; \u2018Blancanieves\u2019, de La Chana; y \u2018En el kil\u00f3metro 523\u2019, de 300 las Blancas.<\/span><\/p>\n<p style=\"text-align: justify;\"><span style=\"font-size: 14px;\">Igualmente, se podr\u00e1n contemplar representaciones como \u2018Francisca\u2019, de Productora 099; \u2018La garnacha de los bufones\u2019, de Corrales de comedias; \u2018Everlasting love\u2019, de Mayte Olmedilla; \u2018Blu, historia de una semilla\u2019, de Naranja lima; \u2018Doble burbuja\u2019, de 7 burbujas acci\u00f3n cultural; \u2018Tesla y Edison\u2019, de \u00c1ngulo producciones; y \u2018La Luna en un cazo un espect\u00e1culo incomprendid\u2019, de la Petita Malumaluga.<\/span><\/p>\n<p style=\"text-align: justify;\"><span style=\"font-size: 14px;\">Del mismo modo, se podr\u00e1 visualizar \u2018Este de venir\u2019, de Karmento; \u2018Paseando el Swing Swing\u2019, de Swing Machine Orchestra; \u2018Versioneando\u2019, de Gemenco; \u2018Prometeo\u2019, de Tupa percusi\u00f3n; \u2018Maletas de tierra\u2019, de Visitants escenica; \u2018Run away\u2019, de Rolling circus; \u2018Imagina \u00a1un circo m\u00e1gico!\u2019, de C\u00eda Danidanielo; \u2018Un d\u00eda de cine\u2019, de cirk about it; \u2018Lo(w) cos(t) (por bailar)\u2019, de Fernando Hurtado; \u2018Roda\u2019, de Marea danza; \u2018En la cuerda floja\u2019, de Ana Morales; \u2018Fantas\u00eda\u2019, de Alejandro Lara Dance; \u2018Bat 2021\u2019, de Dantzaz; y \u2018\u00a1\u00a1A ver \u00a1\u00a1\u2026\u2019, de Ambulantes teatro y danza.\u00a0<\/span><\/p>\n","protected":false},"excerpt":{"rendered":"<p>\u00a7\u00a0 Rosa Ana Rodr\u00edguez ha subrayado \u00a0\u201cla apuesta\u201d por la Feria de las Artes Esc\u00e9nicas y Musicales, un encuentro que celebrar\u00e1 del [&hellip;]<\/p>\n","protected":false},"author":1,"featured_media":18268,"comment_status":"closed","ping_status":"closed","sticky":false,"template":"","format":"standard","meta":{"footnotes":""},"categories":[167],"tags":[],"class_list":["post-18262","post","type-post","status-publish","format-standard","has-post-thumbnail","hentry","category-noticia"],"_links":{"self":[{"href":"https:\/\/faemclm.es\/feriaxxv\/wp-json\/wp\/v2\/posts\/18262","targetHints":{"allow":["GET"]}}],"collection":[{"href":"https:\/\/faemclm.es\/feriaxxv\/wp-json\/wp\/v2\/posts"}],"about":[{"href":"https:\/\/faemclm.es\/feriaxxv\/wp-json\/wp\/v2\/types\/post"}],"author":[{"embeddable":true,"href":"https:\/\/faemclm.es\/feriaxxv\/wp-json\/wp\/v2\/users\/1"}],"replies":[{"embeddable":true,"href":"https:\/\/faemclm.es\/feriaxxv\/wp-json\/wp\/v2\/comments?post=18262"}],"version-history":[{"count":0,"href":"https:\/\/faemclm.es\/feriaxxv\/wp-json\/wp\/v2\/posts\/18262\/revisions"}],"wp:featuredmedia":[{"embeddable":true,"href":"https:\/\/faemclm.es\/feriaxxv\/wp-json\/wp\/v2\/media\/18268"}],"wp:attachment":[{"href":"https:\/\/faemclm.es\/feriaxxv\/wp-json\/wp\/v2\/media?parent=18262"}],"wp:term":[{"taxonomy":"category","embeddable":true,"href":"https:\/\/faemclm.es\/feriaxxv\/wp-json\/wp\/v2\/categories?post=18262"},{"taxonomy":"post_tag","embeddable":true,"href":"https:\/\/faemclm.es\/feriaxxv\/wp-json\/wp\/v2\/tags?post=18262"}],"curies":[{"name":"wp","href":"https:\/\/api.w.org\/{rel}","templated":true}]}}