{"id":18289,"date":"2021-11-03T23:00:57","date_gmt":"2021-11-03T22:00:57","guid":{"rendered":"https:\/\/faemclm.es\/feriaxxv\/?p=18289"},"modified":"2021-11-04T14:50:29","modified_gmt":"2021-11-04T13:50:29","slug":"segundo-dia-de-feria","status":"publish","type":"post","link":"https:\/\/faemclm.es\/feriaxxv\/segundo-dia-de-feria\/","title":{"rendered":"Segundo d\u00eda de Feria"},"content":{"rendered":"<div class=\"wpb-content-wrapper\"><p>[vc_row][vc_column][vc_column_text]<\/p>\n<div class=\"page\" title=\"Page 1\">\n<div class=\"layoutArea\">\n<div class=\"column\">\n<p style=\"text-align: justify;\"><span style=\"font-size: 14px;\">Si bien es cierto que es esencial captar la atenci\u00f3n del p\u00fablico infantil, a\u00fan lo parece m\u00e1s un sector de edad \u201cdif\u00edcil\u201d como es la adolescencia. De ah\u00ed la importancia de propuestas que, dentro del plano educativo, consigan estimular su imaginaci\u00f3n y ambiciones gracias a la magia del teatro. La ma\u00f1ana del 3 de noviembre en el Auditorio Municipal no fue un d\u00eda m\u00e1s. Casi la mitad del aforo estaba formado por esos escolares que en algunas ocasiones se quedan en tierra de nadie como p\u00fablico. Ser\u00e1n seguro demasiado mayores para ver cuentos cl\u00e1sicos y algunos temas adultos les sobrepasar\u00e1n, pero encontrar la justa medida para atraparlos con el veneno del teatro nos dar\u00e1 sabida cuenta de que el futuro de este oficio inmemorial est\u00e1 salvado. Son el p\u00fablico del futuro que ya es presente gracias a propuestas como Tesla y Edison. <\/span><\/p>\n<p>&nbsp;<\/p>\n<p style=\"text-align: justify;\"><span style=\"font-size: 14px;\"><a href=\"https:\/\/faemclm.es\/feriaxxv\/wp-content\/uploads\/2021\/11\/08-TeslayEdison.jpg\"><img loading=\"lazy\" decoding=\"async\" class=\"alignleft wp-image-18290 \" src=\"https:\/\/faemclm.es\/feriaxxv\/wp-content\/uploads\/2021\/11\/08-TeslayEdison-300x200.jpg\" alt=\"\" width=\"338\" height=\"225\" srcset=\"https:\/\/faemclm.es\/feriaxxv\/wp-content\/uploads\/2021\/11\/08-TeslayEdison-300x200.jpg 300w, https:\/\/faemclm.es\/feriaxxv\/wp-content\/uploads\/2021\/11\/08-TeslayEdison-1024x683.jpg 1024w, https:\/\/faemclm.es\/feriaxxv\/wp-content\/uploads\/2021\/11\/08-TeslayEdison-768x512.jpg 768w, https:\/\/faemclm.es\/feriaxxv\/wp-content\/uploads\/2021\/11\/08-TeslayEdison.jpg 1440w\" sizes=\"auto, (max-width: 338px) 100vw, 338px\" \/><\/a>En el fondo esta funci\u00f3n, recomendada a partir de 13 a\u00f1os, nos cuenta c\u00f3mo la historia tapa a los vencidos tambi\u00e9n en un campo como el de la ciencia. Nuestro protagonista vive sumido en una eterna pesadilla en un quim\u00e9rico cielo-infierno donde se enfrenta a los demonios que causan la frustraci\u00f3n por lo que pudo haber sido y nunca fue. Lo hace de una manera amena, entretenida, consiguiendo enganchar a los adolescentes de principio a fin con una propuesta esc\u00e9nica llamativa en la que sobresale el estupendo reparto procedente de las Palmas que se deja la piel sobre el escenario. Al final, gran aplauso de los j\u00f3venes. Ha merecido la pena, seguro que m\u00e1s de uno volver\u00e1 al teatro.<\/span><\/p>\n<p>&nbsp;<\/p>\n<p style=\"text-align: justify;\"><span style=\"font-size: 14px;\"><a href=\"https:\/\/faemclm.es\/feriaxxv\/wp-content\/uploads\/2021\/11\/10-ElVientoesSalvaje.jpg\"><img loading=\"lazy\" decoding=\"async\" class=\"alignright wp-image-18291 size-medium\" src=\"https:\/\/faemclm.es\/feriaxxv\/wp-content\/uploads\/2021\/11\/10-ElVientoesSalvaje-300x200.jpg\" alt=\"\" width=\"300\" height=\"200\" srcset=\"https:\/\/faemclm.es\/feriaxxv\/wp-content\/uploads\/2021\/11\/10-ElVientoesSalvaje-300x200.jpg 300w, https:\/\/faemclm.es\/feriaxxv\/wp-content\/uploads\/2021\/11\/10-ElVientoesSalvaje-1024x683.jpg 1024w, https:\/\/faemclm.es\/feriaxxv\/wp-content\/uploads\/2021\/11\/10-ElVientoesSalvaje-768x512.jpg 768w, https:\/\/faemclm.es\/feriaxxv\/wp-content\/uploads\/2021\/11\/10-ElVientoesSalvaje.jpg 1234w\" sizes=\"auto, (max-width: 300px) 100vw, 300px\" \/><\/a>Volvemos al Auditorio para disfrutar de algo que es pura \u201ccomuni\u00f3n\u201d con el p\u00fablico. Nada menos que Las Ni\u00f1as de C\u00e1diz, un fen\u00f3meno teatral y popular que llega de verdad al respetable. La propuesta que presentaron, El viento es salvaje, con la que nos hicieron so\u00f1ar con el sueldo vitalicio de una famosa marca de caf\u00e9 y que nos hicieron carcajear cuando contaron las \u201cbondades\u201d de ser aut\u00f3nomo -los que lo sufrimos en primera persona lo sabemos bien- puso en pie al abarrotado Auditorio Municipal. Poco m\u00e1s que a\u00f1adir. Dicen que una imagen vale m\u00e1s que mil palabras y el teatro diciendo \u00a1Bravo! es una buena muestra de ello.<\/span><\/p>\n<p>&nbsp;<\/p>\n<p style=\"text-align: justify;\"><span style=\"font-size: 14px;\"><a href=\"https:\/\/faemclm.es\/feriaxxv\/wp-content\/uploads\/2021\/11\/04-EnLaCuerdaFloja.jpg\"><img loading=\"lazy\" decoding=\"async\" class=\"alignleft wp-image-18292 size-medium\" src=\"https:\/\/faemclm.es\/feriaxxv\/wp-content\/uploads\/2021\/11\/04-EnLaCuerdaFloja-300x200.jpg\" alt=\"\" width=\"300\" height=\"200\" srcset=\"https:\/\/faemclm.es\/feriaxxv\/wp-content\/uploads\/2021\/11\/04-EnLaCuerdaFloja-300x200.jpg 300w, https:\/\/faemclm.es\/feriaxxv\/wp-content\/uploads\/2021\/11\/04-EnLaCuerdaFloja-1024x683.jpg 1024w, https:\/\/faemclm.es\/feriaxxv\/wp-content\/uploads\/2021\/11\/04-EnLaCuerdaFloja-768x512.jpg 768w, https:\/\/faemclm.es\/feriaxxv\/wp-content\/uploads\/2021\/11\/04-EnLaCuerdaFloja.jpg 1234w\" sizes=\"auto, (max-width: 300px) 100vw, 300px\" \/><\/a>En el cierre de la jornada cambiamos de tercio completamente con En la cuerda floja en el m\u00e1gico Teatro Circo de Albacete, para m\u00ed desde esta Feria uno de los espacios esc\u00e9nicos m\u00e1s hermosos que tenemos en Espa\u00f1a. Ana Morales es un referente de esos que esperemos los programadores presentes en la sala anoche sepan ver el \u201cduende\u201d incontestable para programarlo en sus espacios esc\u00e9nicos. El n\u00famero final es simplemente un ejercicio de maestr\u00eda en el movimiento llevando al espectador a otro lugar, un no lugar et\u00e9reo donde el arte te hace desconectar de la realidad m\u00e1s inmediata. No me quiero olvidar de la magnifica puesta en escena que te atrapa -la iluminaci\u00f3n juega un papel crucial- y de los musicazos y lo digo as\u00ed, musicazos, que acompa\u00f1an a esta artista de incontables cualidades art\u00edsticas.<\/span><\/p>\n<\/div>\n<\/div>\n<\/div>\n<p>[\/vc_column_text][vc_empty_space][vc_row_inner][vc_column_inner width=\u00bb1\/3&#8243;][vc_single_image image=\u00bb18295&#8243; img_size=\u00bbmedium\u00bb alignment=\u00bbcenter\u00bb onclick=\u00bblink_image\u00bb css=\u00bb.vc_custom_1636033604391{margin-top: 10px !important;}\u00bb][\/vc_column_inner][vc_column_inner width=\u00bb1\/3&#8243;][vc_single_image image=\u00bb18293&#8243; img_size=\u00bbmedium\u00bb alignment=\u00bbcenter\u00bb onclick=\u00bblink_image\u00bb css=\u00bb.vc_custom_1636033531122{margin-top: 10px !important;}\u00bb][\/vc_column_inner][vc_column_inner width=\u00bb1\/3&#8243;][vc_single_image image=\u00bb18294&#8243; img_size=\u00bbmedium\u00bb alignment=\u00bbcenter\u00bb onclick=\u00bblink_image\u00bb css=\u00bb.vc_custom_1636033565538{margin-top: 10px !important;}\u00bb][\/vc_column_inner][\/vc_row_inner][vc_empty_space][vc_column_text]<\/p>\n<p style=\"text-align: right;\"><span style=\"font-size: 14px;\">Carlos Rivera Diaz<\/span><br \/>\n<span style=\"font-size: 14px;\">desdemibutaca<\/span><\/p>\n<p>[\/vc_column_text][\/vc_column][\/vc_row]<\/p>\n<\/div>","protected":false},"excerpt":{"rendered":"<p>[vc_row][vc_column][vc_column_text] Si bien es cierto que es esencial captar la atenci\u00f3n del p\u00fablico infantil, a\u00fan lo parece m\u00e1s un sector de edad [&hellip;]<\/p>\n","protected":false},"author":1,"featured_media":18296,"comment_status":"closed","ping_status":"closed","sticky":false,"template":"","format":"standard","meta":{"footnotes":""},"categories":[168],"tags":[],"class_list":["post-18289","post","type-post","status-publish","format-standard","has-post-thumbnail","hentry","category-cronica"],"_links":{"self":[{"href":"https:\/\/faemclm.es\/feriaxxv\/wp-json\/wp\/v2\/posts\/18289","targetHints":{"allow":["GET"]}}],"collection":[{"href":"https:\/\/faemclm.es\/feriaxxv\/wp-json\/wp\/v2\/posts"}],"about":[{"href":"https:\/\/faemclm.es\/feriaxxv\/wp-json\/wp\/v2\/types\/post"}],"author":[{"embeddable":true,"href":"https:\/\/faemclm.es\/feriaxxv\/wp-json\/wp\/v2\/users\/1"}],"replies":[{"embeddable":true,"href":"https:\/\/faemclm.es\/feriaxxv\/wp-json\/wp\/v2\/comments?post=18289"}],"version-history":[{"count":0,"href":"https:\/\/faemclm.es\/feriaxxv\/wp-json\/wp\/v2\/posts\/18289\/revisions"}],"wp:featuredmedia":[{"embeddable":true,"href":"https:\/\/faemclm.es\/feriaxxv\/wp-json\/wp\/v2\/media\/18296"}],"wp:attachment":[{"href":"https:\/\/faemclm.es\/feriaxxv\/wp-json\/wp\/v2\/media?parent=18289"}],"wp:term":[{"taxonomy":"category","embeddable":true,"href":"https:\/\/faemclm.es\/feriaxxv\/wp-json\/wp\/v2\/categories?post=18289"},{"taxonomy":"post_tag","embeddable":true,"href":"https:\/\/faemclm.es\/feriaxxv\/wp-json\/wp\/v2\/tags?post=18289"}],"curies":[{"name":"wp","href":"https:\/\/api.w.org\/{rel}","templated":true}]}}