{"id":18394,"date":"2021-11-10T12:23:28","date_gmt":"2021-11-10T11:23:28","guid":{"rendered":"https:\/\/faemclm.es\/feriaxxv\/?p=18394"},"modified":"2021-11-10T12:24:38","modified_gmt":"2021-11-10T11:24:38","slug":"el-gobierno-regional-celebra-el-buen-funcionamiento-de-la-feria-de-artes-escenicas-y-musicales-en-la-que-han-participado-mas-de-400-profesionales","status":"publish","type":"post","link":"https:\/\/faemclm.es\/feriaxxv\/el-gobierno-regional-celebra-el-buen-funcionamiento-de-la-feria-de-artes-escenicas-y-musicales-en-la-que-han-participado-mas-de-400-profesionales\/","title":{"rendered":"El Gobierno regional celebra el buen funcionamiento de la Feria de Artes Esc\u00e9nicas y Musicales, en la que han participado m\u00e1s de 400 profesionales"},"content":{"rendered":"<div class=\"wpb-content-wrapper\"><p>[vc_row][vc_column][vc_column_text]<\/p>\n<ul>\n<li style=\"text-align: justify;\"><strong><span style=\"font-size: 14px;\">Se han acreditado representantes de 50 compa\u00f1\u00edas, 23 ferias y festivales, 25 profesionales independientes de las artes esc\u00e9nicas y medios de comunicaci\u00f3n y 73 programadores.<\/span><\/strong><\/li>\n<\/ul>\n<ul>\n<li style=\"text-align: justify;\"><strong><span style=\"font-size: 14px;\">Para la viceconsejera de Cultura y Deportes el balance de este encuentro esc\u00e9nico es bastante positivo y da cuenta del compromiso del Gobierno de Castilla-La Mancha con uno de los encuentros teatrales m\u00e1s importantes del todo el territorio nacional.<\/span> <\/strong><\/li>\n<\/ul>\n<p>[\/vc_column_text][vc_column_text]<\/p>\n<p style=\"text-align: justify;\"><span style=\"font-size: 14px;\">El Gobierno regional ha apostado un a\u00f1o m\u00e1s por la Feria de Artes Esc\u00e9nicas y Musicales de Castilla-La Mancha, que en su 25 edici\u00f3n se ha realizado con un \u00e9xito sin precedentes. Adem\u00e1s de los 423 profesionales que han acudido a la cita, se ha querido hacer part\u00edcipe a la ciudadan\u00eda con una serie de abonos que han hecho accesible al p\u00fablico general las propuestas m\u00e1s destacadas.<\/span><\/p>\n<p style=\"text-align: justify;\"><span style=\"font-size: 14px;\">En total se han vendido 98 de estos abonos especiales dentro de los 9.480 espectadores que han acudido a las citas con los espect\u00e1culos del \u2018Teatro Circo de Albacete\u2019, \u2018Teatro de la Paz\u2019, \u2018Auditorio\u2019, \u2018Jos\u00e9 Saramago\u2019 y los espect\u00e1culos de calle.<\/span><\/p>\n<p style=\"text-align: justify;\"><span style=\"font-size: 14px;\">A trav\u00e9s del abono para p\u00fablico, el abono general y el abono joven han podido disfrutar de algunos de los mejores espect\u00e1culos de la Feria: <em>\u2018Don Quijote somos todos\u2019, \u2018Heredar\u00e1s la lluvia\u2019, \u2018Si yo fuera madre\u2019, \u2018El viento es salvaje\u2019, \u2018En la cuerda floja\u2019, \u2018La Odisea de los Magallanes\u2019, \u2018Este devenir\u2019, \u2018Carsi\u2019, \u2018Enlorquiadas\u2019, \u2018Low cost\u2019, \u2018Bat 2021\u2019, \u2018Fantas\u00eda\u2019 y \u2018P\u00edcaros\u2019<\/em>.<\/span><\/p>\n<p>[\/vc_column_text][vc_row_inner][vc_column_inner width=\u00bb1\/3&#8243;][vc_single_image image=\u00bb18397&#8243; img_size=\u00bbmedium\u00bb alignment=\u00bbcenter\u00bb onclick=\u00bblink_image\u00bb css=\u00bb.vc_custom_1636542649133{margin-top: 10px !important;}\u00bb][\/vc_column_inner][vc_column_inner width=\u00bb1\/3&#8243;][vc_single_image image=\u00bb18398&#8243; img_size=\u00bbmedium\u00bb alignment=\u00bbcenter\u00bb onclick=\u00bblink_image\u00bb css=\u00bb.vc_custom_1636542729933{margin-top: 10px !important;}\u00bb][\/vc_column_inner][vc_column_inner width=\u00bb1\/3&#8243;][vc_single_image image=\u00bb18399&#8243; img_size=\u00bbmedium\u00bb alignment=\u00bbcenter\u00bb onclick=\u00bblink_image\u00bb css=\u00bb.vc_custom_1636542929247{margin-top: 10px !important;}\u00bb][\/vc_column_inner][\/vc_row_inner][vc_empty_space][vc_column_text]<\/p>\n<p style=\"text-align: justify;\"><span style=\"font-size: 14px;\">Desde el Gobierno de Castilla-La Mancha se ha apostado por el p\u00fablico familiar que ha acudido a ver <em>\u2018En el kil\u00f3metro 523\u2019<\/em> y <em>\u2018Doble burbuja\u2019<\/em>. Adem\u00e1s, destinado a los beb\u00e9s y con aforo limitado se ha podido disfrutar de <em>\u2018La luna en un cazo de La Petita Malumaluga\u2019<\/em>, uno de los espect\u00e1culos m\u00e1s sorprendentes de esta edici\u00f3n que ha servido de broche de oro en el Teatro Circo de Albacete. A estas sesiones para p\u00fablico familiar han acudido 876 espectadores.<\/span><\/p>\n<p style=\"text-align: justify;\"><span style=\"font-size: 14px;\"><strong>Algunos datos destacados de esta edici\u00f3n<\/strong><\/span><\/p>\n<p style=\"text-align: justify;\"><span style=\"font-size: 14px;\">La XXV edici\u00f3n de la Feria de Artes Esc\u00e9nicas y Musicales ha acogido a m\u00e1s de una treintena de compa\u00f1\u00edas procedentes de diez comunidades aut\u00f3nomas. As\u00ed, se han podido ver espect\u00e1culos de Andaluc\u00eda, Pa\u00eds Vasco, Comunidad Valenciana, Castilla Le\u00f3n, Comunidad de Madrid, Catalu\u00f1a, Arag\u00f3n, Canarias, Extremadura y por supuesto Castilla-La Mancha, que ha contado con 11 propuestas demostrando la buena salud de la regi\u00f3n en el campo de las artes esc\u00e9nicas.<\/span><\/p>\n<p style=\"text-align: justify;\"><span style=\"font-size: 14px;\"><img loading=\"lazy\" decoding=\"async\" class=\"size-medium wp-image-18402 alignleft\" src=\"https:\/\/faemclm.es\/feriaxxv\/wp-content\/uploads\/2021\/11\/Picaros-Acredita-300x169.jpg\" alt=\"\" width=\"300\" height=\"169\" srcset=\"https:\/\/faemclm.es\/feriaxxv\/wp-content\/uploads\/2021\/11\/Picaros-Acredita-300x169.jpg 300w, https:\/\/faemclm.es\/feriaxxv\/wp-content\/uploads\/2021\/11\/Picaros-Acredita-1024x576.jpg 1024w, https:\/\/faemclm.es\/feriaxxv\/wp-content\/uploads\/2021\/11\/Picaros-Acredita-768x432.jpg 768w, https:\/\/faemclm.es\/feriaxxv\/wp-content\/uploads\/2021\/11\/Picaros-Acredita-1536x864.jpg 1536w, https:\/\/faemclm.es\/feriaxxv\/wp-content\/uploads\/2021\/11\/Picaros-Acredita.jpg 1920w\" sizes=\"auto, (max-width: 300px) 100vw, 300px\" \/>Se han acreditado representantes de 50 compa\u00f1\u00edas, 23 ferias y festivales, 25 profesionales independientes de las artes esc\u00e9nicas y medios de comunicaci\u00f3n y 73 programadores. A todos ellos habr\u00eda que sumar las decenas de personas del equipo de la Feria que han hecho posible que la misma se desarrolle en los t\u00e9rminos de excelencia en el que lo ha hecho.<\/span><\/p>\n<p style=\"text-align: justify;\"><span style=\"font-size: 14px;\">Para la viceconsejera de Cultura y Deportes, Ana Mu\u00f1oz el balance de este encuentro esc\u00e9nico es bastante positivo y da cuenta del compromiso del Gobierno de Castilla-La Mancha con uno de los encuentros teatrales m\u00e1s importantes del todo el territorio nacional, \u201cque sirve de punta de lanza para democratizar a\u00fan m\u00e1s la cultura y para anexionar su esencia al territorio\u201d.<\/span><\/p>\n<p style=\"text-align: justify;\"><span style=\"font-size: 14px;\">Por todo ello, Ana Mu\u00f1oz ha felicitado a los organizadores y participantes que han contribuido a hacer a\u00fan mejor el evento y se ha mostrado esperanza de que de su seno \u201csalgan muchos contratos y nuevos proyectos\u201d.<\/span><\/p>\n<p>[\/vc_column_text][vc_row_inner][vc_column_inner width=\u00bb1\/3&#8243;][vc_single_image image=\u00bb18401&#8243; img_size=\u00bbmedium\u00bb alignment=\u00bbcenter\u00bb onclick=\u00bblink_image\u00bb css=\u00bb.vc_custom_1636543061306{margin-top: 10px !important;}\u00bb][\/vc_column_inner][vc_column_inner width=\u00bb1\/3&#8243;][vc_single_image image=\u00bb18403&#8243; img_size=\u00bbmedium\u00bb alignment=\u00bbcenter\u00bb onclick=\u00bblink_image\u00bb css=\u00bb.vc_custom_1636543317630{margin-top: 10px !important;}\u00bb][\/vc_column_inner][vc_column_inner width=\u00bb1\/3&#8243;][vc_single_image image=\u00bb18404&#8243; img_size=\u00bbmedium\u00bb alignment=\u00bbcenter\u00bb onclick=\u00bblink_image\u00bb css=\u00bb.vc_custom_1636543379922{margin-top: 10px !important;}\u00bb][\/vc_column_inner][\/vc_row_inner][vc_empty_space][\/vc_column][\/vc_row]<\/p>\n<\/div>","protected":false},"excerpt":{"rendered":"<p>[vc_row][vc_column][vc_column_text] Se han acreditado representantes de 50 compa\u00f1\u00edas, 23 ferias y festivales, 25 profesionales independientes de las artes esc\u00e9nicas y medios de [&hellip;]<\/p>\n","protected":false},"author":1,"featured_media":18400,"comment_status":"closed","ping_status":"closed","sticky":false,"template":"","format":"standard","meta":{"footnotes":""},"categories":[167],"tags":[],"class_list":["post-18394","post","type-post","status-publish","format-standard","has-post-thumbnail","hentry","category-noticia"],"_links":{"self":[{"href":"https:\/\/faemclm.es\/feriaxxv\/wp-json\/wp\/v2\/posts\/18394","targetHints":{"allow":["GET"]}}],"collection":[{"href":"https:\/\/faemclm.es\/feriaxxv\/wp-json\/wp\/v2\/posts"}],"about":[{"href":"https:\/\/faemclm.es\/feriaxxv\/wp-json\/wp\/v2\/types\/post"}],"author":[{"embeddable":true,"href":"https:\/\/faemclm.es\/feriaxxv\/wp-json\/wp\/v2\/users\/1"}],"replies":[{"embeddable":true,"href":"https:\/\/faemclm.es\/feriaxxv\/wp-json\/wp\/v2\/comments?post=18394"}],"version-history":[{"count":0,"href":"https:\/\/faemclm.es\/feriaxxv\/wp-json\/wp\/v2\/posts\/18394\/revisions"}],"wp:featuredmedia":[{"embeddable":true,"href":"https:\/\/faemclm.es\/feriaxxv\/wp-json\/wp\/v2\/media\/18400"}],"wp:attachment":[{"href":"https:\/\/faemclm.es\/feriaxxv\/wp-json\/wp\/v2\/media?parent=18394"}],"wp:term":[{"taxonomy":"category","embeddable":true,"href":"https:\/\/faemclm.es\/feriaxxv\/wp-json\/wp\/v2\/categories?post=18394"},{"taxonomy":"post_tag","embeddable":true,"href":"https:\/\/faemclm.es\/feriaxxv\/wp-json\/wp\/v2\/tags?post=18394"}],"curies":[{"name":"wp","href":"https:\/\/api.w.org\/{rel}","templated":true}]}}