{"id":3847,"date":"2022-10-26T18:17:05","date_gmt":"2022-10-26T16:17:05","guid":{"rendered":"https:\/\/faemclm.es\/feriaxxvi\/?p=3847"},"modified":"2022-10-26T18:20:41","modified_gmt":"2022-10-26T16:20:41","slug":"la-feria-de-artes-escenicas-y-musicales-de-castilla-la-mancha-reunira-entre-el-8-y-el-11-de-noviembre-a-20-companias-de-todo-el-territorio-nacional","status":"publish","type":"post","link":"https:\/\/faemclm.es\/feriaxxvi\/la-feria-de-artes-escenicas-y-musicales-de-castilla-la-mancha-reunira-entre-el-8-y-el-11-de-noviembre-a-20-companias-de-todo-el-territorio-nacional\/","title":{"rendered":"La Feria de Artes Esc\u00e9nicas y Musicales de Castilla-La Mancha reunir\u00e1 entre el 8 y el 11 de noviembre a 20 compa\u00f1\u00edas de todo el territorio nacional"},"content":{"rendered":"\n<p class=\"ticss-4ae4f27b\">La Feria de Artes Esc\u00e9nicas y Musicales de Castilla-La Mancha celebrar\u00e1 su edici\u00f3n XXVI entre el 8 y el 11 de noviembre, con una programaci\u00f3n en la que se abordar\u00e1n tem\u00e1ticas como la inmigraci\u00f3n, la explotaci\u00f3n Infantil, la lucha por la igualdad o la conmemoraci\u00f3n de los 400 a\u00f1os del nacimiento de Milinere.<br>&nbsp;<br>La consejera de Educaci\u00f3n, Cultura y Deportes, Rosa Ana Rodr\u00edguez, ha presentado la propuesta en una rueda de prensa celebrada en el \u2018Teatro Circo\u2019 de Albacete. En la misma, ha estado acompa\u00f1ada del delegado de la Junta en la provincia, Pedro Antonio Ruiz Santos; del presidente de la Diputaci\u00f3n, Santiago Caba\u00f1ero; del director de la Feria, Antonio Campos; y del alcalde de la ciudad, Emilio S\u00e1ez.<br>&nbsp;<br>En su intervenci\u00f3n, Rosa Ana Rodr\u00edguez ha destacado que, en la edici\u00f3n de este a\u00f1o, la n\u00famero 26, est\u00e1 previsto que participen un total de 20 compa\u00f1\u00edas procedentes de seis comunidades aut\u00f3nomas, la Comunidad de Madrid, la Comunidad Valenciana, Andaluc\u00eda, Navarra e Islas Baleares.&nbsp;<br>&nbsp;<br>Adem\u00e1s, ha comentado que de todas esas compa\u00f1\u00edas once ser\u00e1n de nuestra regi\u00f3n, es decir, m\u00e1s del 50 por ciento, \u201clo que demuestra la implicaci\u00f3n del Gobierno regional con la industria cultural y con toda la repercusi\u00f3n que genera tanto en el empleo como en el bienestar de la poblaci\u00f3n\u201d.<br>&nbsp;<br>Como novedades m\u00e1s significativas de la edici\u00f3n, Rodr\u00edguez ha destacado la puesta en marcha de un espacio desde el que las compa\u00f1\u00edas podr\u00e1n hablar con los programadores de los ayuntamientos e interactuar con ellos para promocionar sus espect\u00e1culos. Este encuentro tendr\u00e1 lugar, al finalizar las representaciones, el mi\u00e9rcoles 9 de noviembre en el Hotel Europa de Albacete.<br>&nbsp;<br>Otra novedad ser\u00e1 que se celebrar\u00e1 un taller, en colaboraci\u00f3n con COFAE, dirigido a responsables de la programaci\u00f3n de los espacios esc\u00e9nicos. El objetivo de dicho taller, que estar\u00e1 impartido por Mar\u00eda Folguera y que comenzar\u00e1 el 8 de noviembre, ser\u00e1 el de incentivar la contrataci\u00f3n en la regi\u00f3n de la disciplina del circo.<br>&nbsp;<br>Adem\u00e1s, la consejera ha adelantado que se incluir\u00e1 la \u2018Sala Cachorra\u2019 como espacio esc\u00e9nico, un lugar que se sumar\u00e1 a los ya habituales en la muestra como son el Centro Cultural \u2018Jos\u00e9 Saramago\u2019, el Teatro Circo, el Auditorio del Ayuntamiento o el Teatro la Paz.<br>&nbsp;<br><strong>Dos anuncios para la Feria<\/strong><br>&nbsp;<br>Asimismo, Rosa Ana Rodr\u00edguez ha aprovechado su intervenci\u00f3n para realizar dos anuncios concernientes a este evento cultural. El primero de ellos es que \u00e9ste ser\u00e1 el \u00faltimo a\u00f1o en que la Feria de Artes Esc\u00e9nicas tenga lugar en octubre, dado que en la pr\u00f3xima edici\u00f3n pasar\u00e1 a celebrarse en abril.<br>&nbsp;<br>El segundo de ellos es un acuerdo por el cual la televisi\u00f3n p\u00fablica de Castilla-La Mancha se encargar\u00e1 de dar apoyo t\u00e9cnico y humano a la Feria para retransmitir, a trav\u00e9s de sus canales de televisi\u00f3n, radio e internet, los momentos m\u00e1s destacados de la muestra.<\/p>\n","protected":false},"excerpt":{"rendered":"<p>La Feria de Artes Esc\u00e9nicas y Musicales de Castilla-La Mancha celebrar\u00e1 su edici\u00f3n XXVI entre el 8 y el 11 de noviembre, con una programaci\u00f3n en la que se abordar\u00e1n tem\u00e1ticas como la inmigraci\u00f3n, la&hellip;<\/p>\n","protected":false},"author":1,"featured_media":0,"comment_status":"closed","ping_status":"closed","sticky":false,"template":"","format":"standard","meta":{"footnotes":""},"categories":[53],"tags":[],"class_list":["post-3847","post","type-post","status-publish","format-standard","hentry","category-noticia"],"_links":{"self":[{"href":"https:\/\/faemclm.es\/feriaxxvi\/wp-json\/wp\/v2\/posts\/3847","targetHints":{"allow":["GET"]}}],"collection":[{"href":"https:\/\/faemclm.es\/feriaxxvi\/wp-json\/wp\/v2\/posts"}],"about":[{"href":"https:\/\/faemclm.es\/feriaxxvi\/wp-json\/wp\/v2\/types\/post"}],"author":[{"embeddable":true,"href":"https:\/\/faemclm.es\/feriaxxvi\/wp-json\/wp\/v2\/users\/1"}],"replies":[{"embeddable":true,"href":"https:\/\/faemclm.es\/feriaxxvi\/wp-json\/wp\/v2\/comments?post=3847"}],"version-history":[{"count":0,"href":"https:\/\/faemclm.es\/feriaxxvi\/wp-json\/wp\/v2\/posts\/3847\/revisions"}],"wp:attachment":[{"href":"https:\/\/faemclm.es\/feriaxxvi\/wp-json\/wp\/v2\/media?parent=3847"}],"wp:term":[{"taxonomy":"category","embeddable":true,"href":"https:\/\/faemclm.es\/feriaxxvi\/wp-json\/wp\/v2\/categories?post=3847"},{"taxonomy":"post_tag","embeddable":true,"href":"https:\/\/faemclm.es\/feriaxxvi\/wp-json\/wp\/v2\/tags?post=3847"}],"curies":[{"name":"wp","href":"https:\/\/api.w.org\/{rel}","templated":true}]}}