{"id":3899,"date":"2022-11-09T12:30:00","date_gmt":"2022-11-09T11:30:00","guid":{"rendered":"https:\/\/faemclm.es\/feriaxxvi\/?p=3899"},"modified":"2022-11-14T08:49:39","modified_gmt":"2022-11-14T07:49:39","slug":"el-espectaculo-archipielago-de-los-desastres-protagonista-en-la-feriade-artes-escenicas-y-musicales-de-castilla-la-mancha-fusionando-danzateatro-y-musica","status":"publish","type":"post","link":"https:\/\/faemclm.es\/feriaxxvi\/el-espectaculo-archipielago-de-los-desastres-protagonista-en-la-feriade-artes-escenicas-y-musicales-de-castilla-la-mancha-fusionando-danzateatro-y-musica\/","title":{"rendered":"El espect\u00e1culo \u201cArchipi\u00e9lago de los desastres\u201d, protagonista en la Feria de Artes Esc\u00e9nicas y Musicales de Castilla-La Mancha fusionando danza, teatro y m\u00fasica"},"content":{"rendered":"\n<ul class=\"wp-block-list\">\n<li><strong>El director de la Feria de Artes Esc\u00e9nicas y Culturales de Castilla-La Mancha, Antonio Campos; el presidente de la Asociaci\u00f3n de Profesionales de la Gesti\u00f3n Cultural de Castilla-La Mancha (ARTEC), Gonzalo Rosell; la directora la Muestra de Artes Esc\u00e9nicas y M\u00fasica de Extremadura y representante de la coordinadora de Ferias de Artes Esc\u00e9nicas de Espa\u00f1a (COFAE), Antonia \u00c1lvarez; y la core\u00f3grafa y directora art\u00edstica y directora ejecutiva de \u201cArchipi\u00e9lago de los desastres\u201d, Isabel V\u00e1zquez y Elena Carrascal respectivamente, presentaron este espect\u00e1culo, tras un a\u00f1o de trayectoria, siendo una referencia nacional y avalado por su anterior trabajo \u201cLa maldici\u00f3n de los hombres malboro\u201d.<\/strong><\/li>\n<\/ul>\n\n\n\n<ul class=\"wp-block-list\">\n<li><strong>\u201cAyla, la peque\u00f1a salvaje\u201d para p\u00fablico infantil, de Elfo Teatro en el Centro Cultural \u201cJos\u00e9 Saramago\u201d; \u201cKamishibai\u201d de Tragaleguas, como ejemplo de teatro de calle e itinerante en la plaza de la Catedral de Albacete; \u201cIncre\u00edble indecente\u201d de Somos V\u00e9rtice, en el Auditorio municipal en colaboraci\u00f3n con la Escuela de Arte de la ciudad de Albacete; \u201cMi cuerpo ser\u00e1 camino\u201d de Alquibla, en el Teatro de la Paz; y \u201cTenorio\u201d en clave de comedia, en el Auditorio municipal, se convierten en los reclamos de la jornada en la FAEMCLM.<\/strong><\/li>\n<\/ul>\n\n\n\n<p><\/p>\n\n\n\n<p>El espect\u00e1culo de danza \u201cArchipi\u00e9lago de los desastres\u201d, bajo la direcci\u00f3n art\u00edstica de la core\u00f3grafa, Isabel V\u00e1zquez y la producci\u00f3n y direcci\u00f3n ejecutiva de Elena Carrascal, llega al Teatro Circo de Albacete, dentro de la programaci\u00f3n de la XXVI edici\u00f3n de la Feria de Artes Esc\u00e9nicas y Culturales de Castilla-La Mancha.<\/p>\n\n\n\n<p>\u201cArchipi\u00e9lago de los desastres\u201d ha sido presentado hoy, en la Casa Perona, sede de la Delegaci\u00f3n de la Junta en Albacete, por la direcci\u00f3n del espect\u00e1culo; el director de la Feria de Artes Esc\u00e9nicas y Culturales de Castilla-La Mancha, Antonio Campos; el presidente de la Asociaci\u00f3n de Profesionales de la Gesti\u00f3n Cultural de Castilla-La Mancha (ARTEC), Gonzalo Rosell; y la directora la Muestra de Artes Esc\u00e9nicas y M\u00fasica de Extremadura y representante de la coordinadora de Ferias de Artes Esc\u00e9nicas de Espa\u00f1a (COFAE), Antonia \u00c1lvarez, reconociendo el gran \u00e9xito de este espect\u00e1culo, tras un a\u00f1o de trayectoria desde su estreno en el Teatro Alhambra de Granda, siendo una referencia nacional que a\u00fana danza, teatro y m\u00fasica, impulsado por la Agencia Andaluza de Instituciones Culturales.<\/p>\n\n\n\n<p>El director de la XXVI edici\u00f3n de la Feria de Artes Esc\u00e9nicas y Culturales de Castilla-La Mancha, Antonio Campos ha subrayado que \u201ces un honor para este evento de nuestra Comunidad Aut\u00f3noma recibir este espect\u00e1culo\u201d, recordando adem\u00e1s que viene avalado por el trabajo anterior de Isabel V\u00e1zquez, \u201cLa maldici\u00f3n de los hombres malboro\u201d.<\/p>\n\n\n\n<p>La idea creativa de \u201cArchipi\u00e9lago de los Desastres\u201d comenz\u00f3 con la reflexi\u00f3n sobre el poder de la vulnerabilidad y en transformar \u201cel fracaso en elogio\u201d, ha argumentado Isabel V\u00e1zquez, trasladando que \u201cla sociedad nos impone una idea del \u00e9xito equivocada\u201d. En la propia presentaci\u00f3n, esta core\u00f3grafa aseguraba que \u201cun int\u00e9rprete, para ser cre\u00edble, aut\u00e9ntico y original, ante todo debe ser vulnerable. Y con la vulnerabilidad como herramienta se puede llegar a lugares a los que jam\u00e1s llegar\u00edamos desde la seguridad, \u00bfpor qu\u00e9 un tesoro como ese no lo usamos en nuestra vida diaria?\u201d.<\/p>\n\n\n\n<p>Desde la Feria de Artes Esc\u00e9nicas y Musicales de Castilla-La Mancha se ha animado a poder disfrutar de este espect\u00e1culo, esta tarde a las 20:00 horas, en el Teatro Circo de Albacete, siendo uno de los grandes protagonistas de la jornada.<\/p>\n\n\n\n<p><strong>Resto de la programaci\u00f3n de hoy en la FAEYMCLM<\/strong><\/p>\n\n\n\n<p>En la jornada de hoy, tambi\u00e9n se ha programado \u201cAyla, la peque\u00f1a salvaje\u201d para p\u00fablico infantil, de Elfo Teatro en el Centro Cultural \u201cJos\u00e9 Saramago\u201d; \u201cKamishibai\u201d de Tragaleguas, como ejemplo de teatro de calle en la plaza de la Catedral de Albacete y \u201cIncre\u00edble indecente\u201d de Somos V\u00e9rtice, en el Auditorio municipal en colaboraci\u00f3n con la Escuela de Arte de la ciudad de Albacete. <\/p>\n\n\n\n<p>Por la tarde llega el turno de \u201cMi cuerpo ser\u00e1 camino\u201d de Alquibla, a las 16:30 horas, en el Teatro de la Paz; \u201cTenorio\u201d en clave de comedia, a las 19:00 horas, en el Auditorio municipal; y finalmente \u201cArchipi\u00e9lago de los desastres\u201d en el Teatro Circo a las 20:00 horas. <\/p>\n\n\n\n<p><strong>Reconocimiento a la FAEYMCLM<\/strong><\/p>\n\n\n\n<p>Por otro lado, tanto la Asociaci\u00f3n de Profesionales de la Gesti\u00f3n Cultural de Castilla-La Mancha (ARTEC) como la coordinadora de Ferias de Artes Esc\u00e9nicas de Espa\u00f1a (COFAE), que engloba a 18 Ferias de Artes Esc\u00e9nicas en diferentes puntos de la geograf\u00eda nacional, han avalado y reconocido el trabajo de la Feria de Artes Esc\u00e9nicas y Musicales de Castilla-La Mancha, en su XXVI edici\u00f3n, por visibilizar a \u201clos profesionales de la gesti\u00f3n cultural y porque los programadores nos sentimos arropados\u201d, ha afirmado Gonzalo Rosell, que adem\u00e1s ha reivindicado la labor de los profesionales de este sector, resaltando que \u201csomos imprescindibles en la \u00e9poca actual\u201d.<\/p>\n\n\n\n<p>La coordinadora de Ferias de Artes Esc\u00e9nicas de Espa\u00f1a (COFAE) tambi\u00e9n ha afirmado que esta Feria de Castilla-La Mancha \u201ces una gran oportunidad\u201d, y han puesto como ejemplo, el Encuentro Comercial que se ha organizado con los programadores para materializar futuros proyectos y contratos.<\/p>\n","protected":false},"excerpt":{"rendered":"<p>El espect\u00e1culo de danza \u201cArchipi\u00e9lago de los desastres\u201d, bajo la direcci\u00f3n art\u00edstica de la core\u00f3grafa, Isabel V\u00e1zquez y la producci\u00f3n y direcci\u00f3n ejecutiva de Elena Carrascal, llega al Teatro Circo de Albacete, dentro de la&hellip;<\/p>\n","protected":false},"author":1,"featured_media":0,"comment_status":"closed","ping_status":"open","sticky":false,"template":"","format":"standard","meta":{"footnotes":""},"categories":[53],"tags":[],"class_list":["post-3899","post","type-post","status-publish","format-standard","hentry","category-noticia"],"_links":{"self":[{"href":"https:\/\/faemclm.es\/feriaxxvi\/wp-json\/wp\/v2\/posts\/3899","targetHints":{"allow":["GET"]}}],"collection":[{"href":"https:\/\/faemclm.es\/feriaxxvi\/wp-json\/wp\/v2\/posts"}],"about":[{"href":"https:\/\/faemclm.es\/feriaxxvi\/wp-json\/wp\/v2\/types\/post"}],"author":[{"embeddable":true,"href":"https:\/\/faemclm.es\/feriaxxvi\/wp-json\/wp\/v2\/users\/1"}],"replies":[{"embeddable":true,"href":"https:\/\/faemclm.es\/feriaxxvi\/wp-json\/wp\/v2\/comments?post=3899"}],"version-history":[{"count":0,"href":"https:\/\/faemclm.es\/feriaxxvi\/wp-json\/wp\/v2\/posts\/3899\/revisions"}],"wp:attachment":[{"href":"https:\/\/faemclm.es\/feriaxxvi\/wp-json\/wp\/v2\/media?parent=3899"}],"wp:term":[{"taxonomy":"category","embeddable":true,"href":"https:\/\/faemclm.es\/feriaxxvi\/wp-json\/wp\/v2\/categories?post=3899"},{"taxonomy":"post_tag","embeddable":true,"href":"https:\/\/faemclm.es\/feriaxxvi\/wp-json\/wp\/v2\/tags?post=3899"}],"curies":[{"name":"wp","href":"https:\/\/api.w.org\/{rel}","templated":true}]}}