{"id":3906,"date":"2022-11-08T12:30:00","date_gmt":"2022-11-08T11:30:00","guid":{"rendered":"https:\/\/faemclm.es\/feriaxxvi\/?p=3906"},"modified":"2022-11-14T08:49:55","modified_gmt":"2022-11-14T07:49:55","slug":"el-gobierno-regional-ha-destinado-casi-medio-millon-de-euros-en-estalegislatura-para-el-mantenimiento-de-la-feria-de-artes-escenicas-ymusicales-de-castilla-la-mancha","status":"publish","type":"post","link":"https:\/\/faemclm.es\/feriaxxvi\/el-gobierno-regional-ha-destinado-casi-medio-millon-de-euros-en-estalegislatura-para-el-mantenimiento-de-la-feria-de-artes-escenicas-ymusicales-de-castilla-la-mancha\/","title":{"rendered":"El Gobierno regional ha destinado casi medio mill\u00f3n de euros en esta legislatura para el mantenimiento de la Feria de Artes Esc\u00e9nicas y Musicales de Castilla-La Mancha"},"content":{"rendered":"\n<ul class=\"wp-block-list\">\n<li><strong>La viceconsejera de Cultura y Deportes ha comentado que se ha destinado este montante econ\u00f3mico para sufragar partidas como el alojamiento de los profesionales asistentes, a organizar espect\u00e1culos, a dar a conocer el evento en todo el territorio regional y nacional, as\u00ed como a continuar con su celebraci\u00f3n, a trav\u00e9s de internet, en la \u00e9poca m\u00e1s dura de la pandemia, entre otras acciones.<\/strong><\/li>\n\n\n\n<li><strong>Ana Mu\u00f1oz ha recordado que las compa\u00f1\u00edas pueden inscribirse, desde hace dos semanas, en la nueva edici\u00f3n de la Feria de las Artes Esc\u00e9nicas y Musicales de Castilla-La Mancha, una cita que volver\u00e1 al mes de abril como hab\u00eda reclamado el sector. Adem\u00e1s, ha informado que en la nueva edici\u00f3n participan m\u00e1s de cien programadores.<\/strong><\/li>\n<\/ul>\n\n\n\n<p>La viceconsejera de Cultura y Deportes, Ana Mu\u00f1oz ha subrayado que el Gobierno regional ha destinado casi 500.000 euros, a lo largo de la legislatura, al mantenimiento y puesta en valor de las distintas ediciones de la Feria de las Artes Esc\u00e9nicas y Musicales de Castilla-La Mancha.<\/p>\n\n\n\n<p>En concreto, la titular de Cultura ha comentado que se ha destinado este montante econ\u00f3mico para sufragar partidas como el alojamiento de los profesionales asistentes, a organizar espect\u00e1culos, a dar a conocer el evento en todo el territorio regional y nacional, as\u00ed como a continuar con su celebraci\u00f3n, a trav\u00e9s de internet, en la \u00e9poca m\u00e1s dura de la pandemia, entre<br>otras acciones.<\/p>\n\n\n\n<p>As\u00ed lo ha se\u00f1alado la viceconsejera de Cultura y Deportes, Ana Mu\u00f1oz en la presentaci\u00f3n de la XXVI edici\u00f3n de la Feria de las Artes Esc\u00e9nicas y Musicales de Castilla-La Mancha, un acto que ha tenido lugar en el Teatro Circo de Albacete; en el que ha estado acompa\u00f1ada del alcalde de Albacete, Emilio S\u00e1ez; el diputado provincial de Cultura, Miguel Zamora; el delegado de Educaci\u00f3n, Cultura y Deportes en la provincia, Diego P\u00e9rez; y el director art\u00edstico de la Feria de Ares Esc\u00e9nicas y Musicales de Castilla-La Mancha, Antonio Campos; entre otras autoridades asistentes.<\/p>\n\n\n\n<p>En sus declaraciones ante los medios de comunicaci\u00f3n, Ana Mu\u00f1oz ha destacado el compromiso del Gobierno regional con el sector y, en este sentido, ha recalcado dos mediadas que se han puesto en marcha en esta edici\u00f3n: \u201crecuperar la celebraci\u00f3n de la Feria en el mes de abril como se ven\u00eda haciendo hasta antes de la pandemia; y poner en marcha un espacio de negocio desde el que las compa\u00f1\u00edas podr\u00e1n hablar con los programadores de los ayuntamientos y podr\u00e1n tambi\u00e9n interactuar con ellos para promocionar sus espect\u00e1culos\u201d.<\/p>\n\n\n\n<p>La viceconsejera de Cultura ha agradecido al alcalde de Albacete, Emilio S\u00e1ez en la recuperaci\u00f3n de espacios para la cultura y por acercar al sector a la calle; la implicaci\u00f3n de la Diputaci\u00f3n provincial de Albacete con la Feria de Artes Esc\u00e9nica y Musicales, y ha trasladado que es voluntad del presidente de Castilla-La Mancha, Emiliano Garc\u00eda-Page, que este evento \u201cse celebre en Albacete porque es motor de industrias culturales\u201d.<\/p>\n\n\n\n<p>Adem\u00e1s, Mu\u00f1oz ha resaltado que \u201clos espect\u00e1culos de la XXVI edici\u00f3n de la Feria de Artes Esc\u00e9nicas y Musicales de Castilla-La Mancha, tiene un plus y marchamo de calidad, que se podr\u00e1n disfrutar en el territorio de nuestra Comunidad Aut\u00f3noma, pero no s\u00f3lo de Castilla-La Mancha, porque tambi\u00e9n trabajamos para exportar nuestra cultura\u201d, ha aseverado.<\/p>\n\n\n\n<p><strong>XXVI edici\u00f3n de la Feria de las Artes Esc\u00e9nicas y Musicales de Castilla-La Mancha<\/strong><\/p>\n\n\n\n<p>En la edici\u00f3n de este a\u00f1o de la Feria, la n\u00famero 26, est\u00e1 previsto que participen un total de 20 compa\u00f1\u00edas procedentes de seis comunidades aut\u00f3nomas: la Comunidad de Madrid, la Comunidad Valenciana, Andaluc\u00eda, Navarra e Islas Baleares. De todas esas compa\u00f1\u00edas, 11 son de nuestra regi\u00f3n; es decir, m\u00e1s del 50 por ciento.<\/p>\n\n\n\n<p>Como novedades m\u00e1s significativas de esta edici\u00f3n, adem\u00e1s del cambio de fecha para la pr\u00f3xima Feria y de la creaci\u00f3n de un espacio de negocio dirigido a las compa\u00f1\u00edas, destaca la celebraci\u00f3n de un taller, en colaboraci\u00f3n con COFAE, destinado a responsables de la programaci\u00f3n de los espacios esc\u00e9nicos.<\/p>\n\n\n\n<p>Otra novedad m\u00e1s ser\u00e1 la inclusi\u00f3n de la \u2018Sala Cachorra\u2019, espacio esc\u00e9nico que se sumar\u00e1 a los ya habituales en la muestra como son: el Centro Cultural Jos\u00e9 Saramago, el Teatro Circo, el Auditorio del Ayuntamiento o el Teatro la Paz.<\/p>\n\n\n\n<p>Todo esto se complementar\u00e1 con un acuerdo firmado con la televisi\u00f3n p\u00fablica de Castilla-La Mancha (CMM) para dar apoyo t\u00e9cnico y humano a la Feria a fin de retrasmitir, a trav\u00e9s de sus canales de televisi\u00f3n, radio e internet, los momentos m\u00e1s destacados.<\/p>\n","protected":false},"excerpt":{"rendered":"<p>La viceconsejera de Cultura y Deportes, Ana Mu\u00f1oz ha subrayado que el Gobierno regional ha destinado casi 500.000 euros, a lo largo de la legislatura, al mantenimiento y puesta en valor de las distintas ediciones&hellip;<\/p>\n","protected":false},"author":1,"featured_media":0,"comment_status":"closed","ping_status":"open","sticky":false,"template":"","format":"standard","meta":{"footnotes":""},"categories":[53],"tags":[],"class_list":["post-3906","post","type-post","status-publish","format-standard","hentry","category-noticia"],"_links":{"self":[{"href":"https:\/\/faemclm.es\/feriaxxvi\/wp-json\/wp\/v2\/posts\/3906","targetHints":{"allow":["GET"]}}],"collection":[{"href":"https:\/\/faemclm.es\/feriaxxvi\/wp-json\/wp\/v2\/posts"}],"about":[{"href":"https:\/\/faemclm.es\/feriaxxvi\/wp-json\/wp\/v2\/types\/post"}],"author":[{"embeddable":true,"href":"https:\/\/faemclm.es\/feriaxxvi\/wp-json\/wp\/v2\/users\/1"}],"replies":[{"embeddable":true,"href":"https:\/\/faemclm.es\/feriaxxvi\/wp-json\/wp\/v2\/comments?post=3906"}],"version-history":[{"count":0,"href":"https:\/\/faemclm.es\/feriaxxvi\/wp-json\/wp\/v2\/posts\/3906\/revisions"}],"wp:attachment":[{"href":"https:\/\/faemclm.es\/feriaxxvi\/wp-json\/wp\/v2\/media?parent=3906"}],"wp:term":[{"taxonomy":"category","embeddable":true,"href":"https:\/\/faemclm.es\/feriaxxvi\/wp-json\/wp\/v2\/categories?post=3906"},{"taxonomy":"post_tag","embeddable":true,"href":"https:\/\/faemclm.es\/feriaxxvi\/wp-json\/wp\/v2\/tags?post=3906"}],"curies":[{"name":"wp","href":"https:\/\/api.w.org\/{rel}","templated":true}]}}