{"id":3909,"date":"2022-11-10T12:30:00","date_gmt":"2022-11-10T11:30:00","guid":{"rendered":"https:\/\/faemclm.es\/feriaxxvi\/?p=3909"},"modified":"2022-11-14T08:45:55","modified_gmt":"2022-11-14T07:45:55","slug":"la-feria-de-artes-escenicas-y-musicales-de-castilla-la-mancha-homenajea-a-moliere-y-su-influencia-con-el-prestreno-nacional-de-ay-teatro","status":"publish","type":"post","link":"https:\/\/faemclm.es\/feriaxxvi\/la-feria-de-artes-escenicas-y-musicales-de-castilla-la-mancha-homenajea-a-moliere-y-su-influencia-con-el-prestreno-nacional-de-ay-teatro\/","title":{"rendered":"La Feria de Artes Esc\u00e9nicas y Musicales de Castilla-La Mancha homenajea a \u201cMoliere\u201d y su influencia con el prestreno nacional de \u201cAy Teatro\u201d"},"content":{"rendered":"\n<ul class=\"wp-block-list\">\n<li><strong>El director de la Feria de Artes Esc\u00e9nicas y Culturales de Castilla-La Mancha, Antonio Campos; el director y m\u00fasico de \u201cVive Moliere\u201d, Yayo C\u00e1ceres y el directivo de la Asociaci\u00f3n Nacional de Empresas Distribuidoras y Gestoras de Artes Esc\u00e9nicas (ADGAE), Nacho Vilar, productor y distribuidor de \u201cTenorio\u201d, han presentado esta obra, que hoy estar\u00e1 en el Teatro Circo, conmemorando al universal dramaturgo franc\u00e9s, a pocos d\u00edas de su estreno en el teatro \u201cLa Abad\u00eda\u201d.<\/strong><\/li>\n\n\n\n<li><strong>\u201cEl Calor del cancionero\u201d, \u201c\u00a1Qu\u00e9 circo de mujer!; \u201cEl abrazo de los gusanos\u201d; \u201cAnemoi\u201d; \u201cVive Moliere\u201d y el concierto \u201cCancionero estoico\u201d, representaciones de hoy en los diferentes espacios esc\u00e9nicos. Adem\u00e1s, ma\u00f1ana se ha programado, \u201cEl Diferente\u201d; \u201cLas peque\u00f1as cosas\u201d y \u201cCa\u00f1aHueca\u201d, para cerrar esta XXVI edici\u00f3n.<\/strong><\/li>\n<\/ul>\n\n\n\n<p>El espect\u00e1culo de teatro \u201cVive Moliere\u201d de la compa\u00f1\u00eda \u201cAy Teatro\u201d, bajo la direcci\u00f3n y m\u00fasica de Yayo C\u00e1ceres y la dramaturgia de \u00c1lvaro Tato, llega hoy al Teatro Circo dentro de la programaci\u00f3n de la XXVI Feria de Artes Esc\u00e9nicas y Musicales de Castilla-La Mancha, en exclusiva, pocos d\u00edas antes de su presentaci\u00f3n en el Teatro \u201cLa Abad\u00eda\u201d de Madrid, donde permanecer\u00e1 todo el mes de diciembre.<\/p>\n\n\n\n<p>El director de la Feria de Artes Esc\u00e9nicas y Culturales de Castilla-La Mancha, Antonio Campos; el propio Yayo C\u00e1ceres y el directivo de la Asociaci\u00f3n Nacional de Empresas Distribuidoras y Gestoras de Artes Esc\u00e9nicas (ADGAE), Nacho Vilar, productor y distribuidor de \u201cTenorio\u201d, han presentado \u201cVive Moliere\u201d, en Casa Perona, sede de la Delegaci\u00f3n de la Junta en Albacete, en una apuesta por conmemorar el nacimiento de gran dramaturgo franc\u00e9s, en este evento cultural de la Comunidad Aut\u00f3noma, con la participaci\u00f3n de 5 actores j\u00f3venes procedentes de la Escuela de la Compa\u00f1\u00eda Nacional de Teatro Cl\u00e1sico.<\/p>\n\n\n\n<p>La compa\u00f1\u00eda \u201cAy Teatro\u201d presenta una visi\u00f3n delirante, desenfadada e iconoclasta del gran comedi\u00f3grafo, de su \u00e1mbito teatral y de su siglo. Un elenco joven con m\u00fasica en directo al servicio del genio incomparable de Moli\u00e8re, resaltando l\u00f3gicamente a trav\u00e9s de esta retrospectiva, algunas de sus grandes obras universales como \u201cEl enfermo imaginario\u201d, \u201cTartufo\u201d, \u201cDon Juan\u201d o \u201cEl \u00c1varo\u201d, \u201cahondando en la miseria humana y en la doble visi\u00f3n de Moliere\u201d, en relaci\u00f3n a la moral religiosa, con iron\u00eda, tragicomedia y profundidad humana, como ha explicado el propio director de \u201cVive Moliere\u201d, que se representar\u00e1 en el Teatro Circo a las 20:00 horas.<\/p>\n\n\n\n<p><strong>Programaci\u00f3n Feria Artes Esc\u00e9nicas y Musicales<\/strong><\/p>\n\n\n\n<p>Por otro lado, el director de la Feria de Artes Esc\u00e9nicas y Culturales de Castilla-La Mancha, Antonio Campos ha avanzado la programaci\u00f3n de hoy y ma\u00f1ana de la FAEYMCLM, que arranc\u00f3 con el \u201cCalor del cancionero\u201d de Teatro de Malta, en la sala Pepe Isbert del Teatro Circo; \u201cRobot\u201d de David Zuazola en el Centro Cultural \u201c\u00b7Jos\u00e9 Saramago\u201d; \u201c\u00a1Qu\u00e9 circo de mujer!, de la compa\u00f1\u00eda Ido Lorca en la calle, a las 12:45 horas; \u201cEl abrazo de los gusanos\u201d de Cactur Teatre a las 16:30 horas, en el Teatro de la Paz; \u201cAnemoi\u201d de Rajatabla en el Auditorio municipal a las 18:15 horas; \u201cVive Moliere\u201d de Ay Teatro en el Teatro Circo a las 20:15 horas y el cierre de jornada con el concierto \u201cCancionero estoico\u201d en la sala Pepe Isbert del Teatro Circo, a las 22:00 horas.<\/p>\n\n\n\n<p>Adem\u00e1s, ma\u00f1ana se ha programado, \u201cEl Diferente\u201d de la compa\u00f1\u00eda Doctor Sapo; a las 09:15 horas en el Auditorio municipal; \u201cLas peque\u00f1as cosas\u201d de La Mec\u00e1nica a las 10:45 horas en el Centro Cultural \u201cJos\u00e9 Saramago\u201d y finalmente \u201cCa\u00f1aHueca\u201d de Nolinoleum en el Centro Cultural \u201cLa Asunci\u00f3n\u201d.<\/p>\n\n\n\n<p><strong>Visibilizar la figura del distribuidor<\/strong><\/p>\n\n\n\n<p>En la comparecencia p\u00fablica de hoy, el directivo de la Asociaci\u00f3n Nacional de Empresas Distribuidoras y Gestoras de Artes Esc\u00e9nicas (ADGAE), Nacho Vilar, ha reconocido la contribuci\u00f3n que realizan los gestores de los espect\u00e1culos porque \u201cson parte fundamental para hacer visible el producto\u201d.<\/p>\n\n\n\n<p>Adem\u00e1s, Vilar ha reivindicado la importancia de llevar las artes esc\u00e9nicas, \u201cno s\u00f3lo a las ciudades, sino a los peque\u00f1os municipios, y ofrecer esa posibilidad tambi\u00e9n para que puedan ver el espect\u00e1culo y comprarlo, aunque vivan en otras zonas\u201d.<\/p>\n\n\n\n<p>El director de la FAEYMCLM, Antonio Campos ha valorado los pasos que se est\u00e1n dando para que las Artes Esc\u00e9nicas \u201ctengan m\u00e1s estructura empresarial\u201d, y ha valorado la gran aceptaci\u00f3n de p\u00fablico y venta de entradas que est\u00e1 registrando este a\u00f1o, la Feria de Artes Esc\u00e9nicas y Culturales de Castilla-La Mancha.<\/p>\n","protected":false},"excerpt":{"rendered":"<p>El espect\u00e1culo de teatro \u201cVive Moliere\u201d de la compa\u00f1\u00eda \u201cAy Teatro\u201d, bajo la direcci\u00f3n y m\u00fasica de Yayo C\u00e1ceres y la dramaturgia de \u00c1lvaro Tato, llega hoy al Teatro Circo dentro de la programaci\u00f3n de&hellip;<\/p>\n","protected":false},"author":1,"featured_media":0,"comment_status":"closed","ping_status":"open","sticky":false,"template":"","format":"standard","meta":{"footnotes":""},"categories":[53],"tags":[],"class_list":["post-3909","post","type-post","status-publish","format-standard","hentry","category-noticia"],"_links":{"self":[{"href":"https:\/\/faemclm.es\/feriaxxvi\/wp-json\/wp\/v2\/posts\/3909","targetHints":{"allow":["GET"]}}],"collection":[{"href":"https:\/\/faemclm.es\/feriaxxvi\/wp-json\/wp\/v2\/posts"}],"about":[{"href":"https:\/\/faemclm.es\/feriaxxvi\/wp-json\/wp\/v2\/types\/post"}],"author":[{"embeddable":true,"href":"https:\/\/faemclm.es\/feriaxxvi\/wp-json\/wp\/v2\/users\/1"}],"replies":[{"embeddable":true,"href":"https:\/\/faemclm.es\/feriaxxvi\/wp-json\/wp\/v2\/comments?post=3909"}],"version-history":[{"count":0,"href":"https:\/\/faemclm.es\/feriaxxvi\/wp-json\/wp\/v2\/posts\/3909\/revisions"}],"wp:attachment":[{"href":"https:\/\/faemclm.es\/feriaxxvi\/wp-json\/wp\/v2\/media?parent=3909"}],"wp:term":[{"taxonomy":"category","embeddable":true,"href":"https:\/\/faemclm.es\/feriaxxvi\/wp-json\/wp\/v2\/categories?post=3909"},{"taxonomy":"post_tag","embeddable":true,"href":"https:\/\/faemclm.es\/feriaxxvi\/wp-json\/wp\/v2\/tags?post=3909"}],"curies":[{"name":"wp","href":"https:\/\/api.w.org\/{rel}","templated":true}]}}