{"id":4109,"global_id":"faemclm.es\/feriaxxvii?id=4109","global_id_lineage":["faemclm.es\/feriaxxvii?id=4109"],"author":"1","status":"publish","date":"2023-02-28 12:35:26","date_utc":"2023-02-28 11:35:26","modified":"2023-04-12 00:31:05","modified_utc":"2023-04-11 22:31:05","url":"https:\/\/faemclm.es\/feriaxxvii\/espectaculo\/doppiozero\/","rest_url":"https:\/\/faemclm.es\/feriaxxvii\/wp-json\/tribe\/events\/v1\/events\/4109","title":"DoppioZero","description":"<p><img loading=\"lazy\" decoding=\"async\" width=\"1240\" height=\"1755\" src=\"https:\/\/faemclm.es\/wp-content\/uploads\/2023\/02\/Cartel-Doppiozero.jpg\" alt=\"\" loading=\"lazy\" srcset=\"https:\/\/faemclm.es\/wp-content\/uploads\/2023\/02\/Cartel-Doppiozero.jpg 1240w, https:\/\/faemclm.es\/wp-content\/uploads\/2023\/02\/Cartel-Doppiozero-212x300.jpg 212w, https:\/\/faemclm.es\/wp-content\/uploads\/2023\/02\/Cartel-Doppiozero-724x1024.jpg 724w, https:\/\/faemclm.es\/wp-content\/uploads\/2023\/02\/Cartel-Doppiozero-768x1087.jpg 768w, https:\/\/faemclm.es\/wp-content\/uploads\/2023\/02\/Cartel-Doppiozero-1085x1536.jpg 1085w, https:\/\/faemclm.es\/wp-content\/uploads\/2023\/02\/Cartel-Doppiozero-370x524.jpg 370w, https:\/\/faemclm.es\/wp-content\/uploads\/2023\/02\/Cartel-Doppiozero-812x1149.jpg 812w, https:\/\/faemclm.es\/wp-content\/uploads\/2023\/02\/Cartel-Doppiozero-406x575.jpg 406w\" sizes=\"auto, (max-width: 1240px) 100vw, 1240px\" \/>\t\t\t\t\t\t\t\t\t\t\t\t\t\t<\/p>\n<h4>Equipo T\u00e9cnico y Art\u00edstico<\/h4>\n<p><strong style=\"box-sizing: inherit; color: #606c76; font-family: 'Helvetica Neue', Helvetica, Arial, sans-serif; font-size: 16px; font-style: normal; letter-spacing: 0.16px;\">Idea y Producci\u00f3n:<\/strong>\u00a0Circo Carpa Diem<br style=\"box-sizing: inherit; color: #606c76; font-family: 'Helvetica Neue', Helvetica, Arial, sans-serif; font-size: 16px; letter-spacing: 0.16px;\" \/><strong style=\"box-sizing: inherit; color: #606c76; font-family: 'Helvetica Neue', Helvetica, Arial, sans-serif; font-size: 16px; font-style: normal; letter-spacing: 0.16px;\">Ojo externo:<\/strong>\u00a0Fabrizio Roselli<br style=\"box-sizing: inherit; color: #606c76; font-family: 'Helvetica Neue', Helvetica, Arial, sans-serif; font-size: 16px; letter-spacing: 0.16px;\" \/><strong style=\"box-sizing: inherit; color: #606c76; font-family: 'Helvetica Neue', Helvetica, Arial, sans-serif; font-size: 16px; font-style: normal; letter-spacing: 0.16px;\">Vestuario:<\/strong>\u00a0Giulia Rossi<br style=\"box-sizing: inherit; color: #606c76; font-family: 'Helvetica Neue', Helvetica, Arial, sans-serif; font-size: 16px; letter-spacing: 0.16px;\" \/><strong style=\"box-sizing: inherit; color: #606c76; font-family: 'Helvetica Neue', Helvetica, Arial, sans-serif; font-size: 16px; font-style: normal; letter-spacing: 0.16px;\">Escenograf\u00eda:<\/strong>\u00a0Betti Cau<br style=\"box-sizing: inherit; color: #606c76; font-family: 'Helvetica Neue', Helvetica, Arial, sans-serif; font-size: 16px; letter-spacing: 0.16px;\" \/><strong style=\"box-sizing: inherit; color: #606c76; font-family: 'Helvetica Neue', Helvetica, Arial, sans-serif; font-size: 16px; font-style: normal; letter-spacing: 0.16px;\">Dise\u00f1o de iluminaci\u00f3n:<\/strong>\u00a0Dario Andreoli<br style=\"box-sizing: inherit; color: #606c76; font-family: 'Helvetica Neue', Helvetica, Arial, sans-serif; font-size: 16px; letter-spacing: 0.16px;\" \/><strong style=\"box-sizing: inherit; color: #606c76; font-family: 'Helvetica Neue', Helvetica, Arial, sans-serif; font-size: 16px; font-style: normal; letter-spacing: 0.16px;\">Coproducci\u00f3n:<\/strong>\u00a0Teatro Necesario<\/p>\n<p>\t\t\tPara todos los p\u00fablicos | 55 minutos | Teatro Circo\t\t<\/p>\n<h4>Sinopsis<\/h4>\n<p>\u00c9l es ingenuo, distra\u00eddo y so\u00f1ador, ella es pura energ\u00eda, velocidad y movimiento. Juntos son como el agua y la harina, juntos preparan pan en un d\u00eda que parece simple y normal, como el pan de cada d\u00eda. Pero en realidad es m\u00e1gico y sorprendente, como ellos dos.<\/p>\n<p>Tuli lee boca \u00a0abajo, suspendido en un m\u00e1stil, Vroni monta en bicicleta, pedaleando con las manos y conduciendo con los pies. Son divertidos, tiernos y surrealistas, amasan a cuatro manos y mientras esperan que el pan se levante y cocine, nos regalan un viaje en el tiempo y en los sentimientos.<\/p>\n<p>Acompa\u00f1ados de canciones de los a\u00f1os 50, noticias de radio y las ganas de vivir que se respiraba en los a\u00f1os de la reconstrucci\u00f3n en Italia. Doppiozero toma a espectador de la mano y lo invita a abandonarse a la mirada de la infancia que encuentra sus palabras silenciosas en el circo contempor\u00e1neo.<\/p>\n<h4>Reparto<\/h4>\n<p>Katharina Gruner<\/p>\n<p>Luca Sartor<\/p>\n<h4>Datos de distribuci\u00f3n<\/h4>\n<p><strong>Contacto:<\/strong>\u00a0Elena Carrascal Impulso<br \/><strong>Email:<\/strong>\u00a0info@elenacarrascal.com\u00a0<br \/><strong>Tel\u00e9fono:<\/strong>\u00a0+34 954 951 293 \/ 610 948 200 \/ 652 078 443<\/p>\n<h4>Galer\u00eda<\/h4>\n<figure class='gallery-item'>\n\t\t\t\t<a data-elementor-open-lightbox=\"no\" href='https:\/\/faemclm.es\/wp-content\/uploads\/2023\/02\/doppiozero-01.jpg'><img loading=\"lazy\" width=\"406\" height=\"228\" src=\"https:\/\/faemclm.es\/wp-content\/uploads\/2023\/02\/doppiozero-01-406x228.jpg\" alt=\"\" decoding=\"async\" loading=\"lazy\" srcset=\"https:\/\/faemclm.es\/wp-content\/uploads\/2023\/02\/doppiozero-01-406x228.jpg 406w, https:\/\/faemclm.es\/wp-content\/uploads\/2023\/02\/doppiozero-01-842x474.jpg 842w, https:\/\/faemclm.es\/wp-content\/uploads\/2023\/02\/doppiozero-01-270x152.jpg 270w\" sizes=\"auto, (max-width: 406px) 100vw, 406px\" \/><\/a><br \/>\n\t\t\t<\/figure>\n<figure class='gallery-item'>\n\t\t\t\t<a data-elementor-open-lightbox=\"no\" href='https:\/\/faemclm.es\/wp-content\/uploads\/2023\/02\/doppiozero-02.jpg'><img loading=\"lazy\" width=\"406\" height=\"228\" src=\"https:\/\/faemclm.es\/wp-content\/uploads\/2023\/02\/doppiozero-02-406x228.jpg\" alt=\"\" decoding=\"async\" loading=\"lazy\" srcset=\"https:\/\/faemclm.es\/wp-content\/uploads\/2023\/02\/doppiozero-02-406x228.jpg 406w, https:\/\/faemclm.es\/wp-content\/uploads\/2023\/02\/doppiozero-02-842x474.jpg 842w, https:\/\/faemclm.es\/wp-content\/uploads\/2023\/02\/doppiozero-02-270x152.jpg 270w\" sizes=\"auto, (max-width: 406px) 100vw, 406px\" \/><\/a><br \/>\n\t\t\t<\/figure>\n<figure class='gallery-item'>\n\t\t\t\t<a data-elementor-open-lightbox=\"no\" href='https:\/\/faemclm.es\/wp-content\/uploads\/2023\/02\/doppiozero-03.jpg'><img loading=\"lazy\" width=\"406\" height=\"228\" src=\"https:\/\/faemclm.es\/wp-content\/uploads\/2023\/02\/doppiozero-03-406x228.jpg\" alt=\"\" decoding=\"async\" loading=\"lazy\" srcset=\"https:\/\/faemclm.es\/wp-content\/uploads\/2023\/02\/doppiozero-03-406x228.jpg 406w, https:\/\/faemclm.es\/wp-content\/uploads\/2023\/02\/doppiozero-03-842x474.jpg 842w, https:\/\/faemclm.es\/wp-content\/uploads\/2023\/02\/doppiozero-03-270x152.jpg 270w\" sizes=\"auto, (max-width: 406px) 100vw, 406px\" \/><\/a><br \/>\n\t\t\t<\/figure>\n<h4>Fotograf\u00edas en la FAEMCLM 2023<\/h4>\n<figure class='gallery-item'>\n\t\t\t\t<a data-elementor-open-lightbox=\"no\" href='https:\/\/faemclm.es\/wp-content\/uploads\/2023\/04\/11042023-DoppioZero-FAEM-03.jpg'><img loading=\"lazy\" width=\"406\" height=\"228\" src=\"https:\/\/faemclm.es\/wp-content\/uploads\/2023\/04\/11042023-DoppioZero-FAEM-03-406x228.jpg\" alt=\"\" decoding=\"async\" loading=\"lazy\" srcset=\"https:\/\/faemclm.es\/wp-content\/uploads\/2023\/04\/11042023-DoppioZero-FAEM-03-406x228.jpg 406w, https:\/\/faemclm.es\/wp-content\/uploads\/2023\/04\/11042023-DoppioZero-FAEM-03-842x474.jpg 842w, https:\/\/faemclm.es\/wp-content\/uploads\/2023\/04\/11042023-DoppioZero-FAEM-03-270x152.jpg 270w\" sizes=\"auto, (max-width: 406px) 100vw, 406px\" \/><\/a><br \/>\n\t\t\t<\/figure>\n<figure class='gallery-item'>\n\t\t\t\t<a data-elementor-open-lightbox=\"no\" href='https:\/\/faemclm.es\/wp-content\/uploads\/2023\/04\/11042023-DoppioZero-FAEM-05.jpg'><img loading=\"lazy\" width=\"406\" height=\"228\" src=\"https:\/\/faemclm.es\/wp-content\/uploads\/2023\/04\/11042023-DoppioZero-FAEM-05-406x228.jpg\" alt=\"\" decoding=\"async\" loading=\"lazy\" srcset=\"https:\/\/faemclm.es\/wp-content\/uploads\/2023\/04\/11042023-DoppioZero-FAEM-05-406x228.jpg 406w, https:\/\/faemclm.es\/wp-content\/uploads\/2023\/04\/11042023-DoppioZero-FAEM-05-842x474.jpg 842w, https:\/\/faemclm.es\/wp-content\/uploads\/2023\/04\/11042023-DoppioZero-FAEM-05-270x152.jpg 270w\" sizes=\"auto, (max-width: 406px) 100vw, 406px\" \/><\/a><br \/>\n\t\t\t<\/figure>\n<figure class='gallery-item'>\n\t\t\t\t<a data-elementor-open-lightbox=\"no\" href='https:\/\/faemclm.es\/wp-content\/uploads\/2023\/04\/11042023-DoppioZero-FAEM-04.jpg'><img loading=\"lazy\" width=\"406\" height=\"228\" src=\"https:\/\/faemclm.es\/wp-content\/uploads\/2023\/04\/11042023-DoppioZero-FAEM-04-406x228.jpg\" alt=\"\" decoding=\"async\" loading=\"lazy\" srcset=\"https:\/\/faemclm.es\/wp-content\/uploads\/2023\/04\/11042023-DoppioZero-FAEM-04-406x228.jpg 406w, https:\/\/faemclm.es\/wp-content\/uploads\/2023\/04\/11042023-DoppioZero-FAEM-04-842x474.jpg 842w, https:\/\/faemclm.es\/wp-content\/uploads\/2023\/04\/11042023-DoppioZero-FAEM-04-270x152.jpg 270w\" sizes=\"auto, (max-width: 406px) 100vw, 406px\" \/><\/a><br \/>\n\t\t\t<\/figure>\n<h4>Compra tu entrada<\/h4>\n<p>\t\t\t<a href=\"https:\/\/globalentradas.com\/event\/detail\/doppiozero?location=teatro-circo-albacete&#038;ciudad=0&#038;lugar=0&#038;patrocinador=1015&#038;idEventDate=5698\" target=\"_blank\" role=\"button\" rel=\"noopener\"><br \/>\n\t\t\t\t\t\tCOMPRAR<br \/>\n\t\t\t\t\t<\/a><\/p>","excerpt":"","slug":"doppiozero","image":{"url":"https:\/\/faemclm.es\/feriaxxvii\/wp-content\/uploads\/2023\/02\/Cartel-Doppiozero.jpg","id":4105,"extension":"jpg","width":1240,"height":1755,"filesize":194193,"sizes":{"medium":{"width":212,"height":300,"mime-type":"image\/jpeg","filesize":20417,"url":"https:\/\/faemclm.es\/feriaxxvii\/wp-content\/uploads\/2023\/02\/Cartel-Doppiozero-212x300.jpg"},"large":{"width":724,"height":1024,"mime-type":"image\/jpeg","filesize":140665,"url":"https:\/\/faemclm.es\/feriaxxvii\/wp-content\/uploads\/2023\/02\/Cartel-Doppiozero-724x1024.jpg"},"thumbnail":{"width":150,"height":150,"mime-type":"image\/jpeg","filesize":8394,"url":"https:\/\/faemclm.es\/feriaxxvii\/wp-content\/uploads\/2023\/02\/Cartel-Doppiozero-150x150.jpg"},"medium_large":{"width":768,"height":1087,"mime-type":"image\/jpeg","filesize":152782,"url":"https:\/\/faemclm.es\/feriaxxvii\/wp-content\/uploads\/2023\/02\/Cartel-Doppiozero-768x1087.jpg"},"1536x1536":{"width":1085,"height":1536,"mime-type":"image\/jpeg","filesize":259481,"url":"https:\/\/faemclm.es\/feriaxxvii\/wp-content\/uploads\/2023\/02\/Cartel-Doppiozero-1085x1536.jpg"},"post-thumbnail":{"width":370,"height":524,"mime-type":"image\/jpeg","filesize":48417,"url":"https:\/\/faemclm.es\/feriaxxvii\/wp-content\/uploads\/2023\/02\/Cartel-Doppiozero-370x524.jpg"},"ostende-thumb-huge":{"width":1240,"height":700,"mime-type":"image\/jpeg","filesize":138377,"url":"https:\/\/faemclm.es\/feriaxxvii\/wp-content\/uploads\/2023\/02\/Cartel-Doppiozero-1240x700.jpg"},"ostende-thumb-big":{"width":842,"height":474,"mime-type":"image\/jpeg","filesize":74344,"url":"https:\/\/faemclm.es\/feriaxxvii\/wp-content\/uploads\/2023\/02\/Cartel-Doppiozero-842x474.jpg"},"ostende-thumb-med":{"width":406,"height":228,"mime-type":"image\/jpeg","filesize":23463,"url":"https:\/\/faemclm.es\/feriaxxvii\/wp-content\/uploads\/2023\/02\/Cartel-Doppiozero-406x228.jpg"},"ostende-thumb-tiny":{"width":120,"height":120,"mime-type":"image\/jpeg","filesize":6120,"url":"https:\/\/faemclm.es\/feriaxxvii\/wp-content\/uploads\/2023\/02\/Cartel-Doppiozero-120x120.jpg"},"ostende-thumb-masonry-big":{"width":812,"height":1149,"mime-type":"image\/jpeg","filesize":166506,"url":"https:\/\/faemclm.es\/feriaxxvii\/wp-content\/uploads\/2023\/02\/Cartel-Doppiozero-812x1149.jpg"},"ostende-thumb-masonry":{"width":406,"height":575,"mime-type":"image\/jpeg","filesize":56181,"url":"https:\/\/faemclm.es\/feriaxxvii\/wp-content\/uploads\/2023\/02\/Cartel-Doppiozero-406x575.jpg"},"ostende-thumb-extra-big":{"width":406,"height":467,"mime-type":"image\/jpeg","filesize":50669,"url":"https:\/\/faemclm.es\/feriaxxvii\/wp-content\/uploads\/2023\/02\/Cartel-Doppiozero-406x467.jpg"},"ostende-thumb-extra-height":{"width":297,"height":400,"mime-type":"image\/jpeg","filesize":33878,"url":"https:\/\/faemclm.es\/feriaxxvii\/wp-content\/uploads\/2023\/02\/Cartel-Doppiozero-297x400.jpg"},"trx_addons-thumb-small":{"width":270,"height":152,"mime-type":"image\/jpeg","filesize":12040,"url":"https:\/\/faemclm.es\/feriaxxvii\/wp-content\/uploads\/2023\/02\/Cartel-Doppiozero-270x152.jpg"},"trx_addons-thumb-portrait":{"width":370,"height":493,"mime-type":"image\/jpeg","filesize":47467,"url":"https:\/\/faemclm.es\/feriaxxvii\/wp-content\/uploads\/2023\/02\/Cartel-Doppiozero-370x493.jpg"},"trx_addons-thumb-avatar":{"width":370,"height":370,"mime-type":"image\/jpeg","filesize":34243,"url":"https:\/\/faemclm.es\/feriaxxvii\/wp-content\/uploads\/2023\/02\/Cartel-Doppiozero-370x370.jpg"}}},"all_day":false,"start_date":"2023-04-11 22:30:00","start_date_details":{"year":"2023","month":"04","day":"11","hour":"22","minutes":"30","seconds":"00"},"end_date":"2023-04-11 23:25:00","end_date_details":{"year":"2023","month":"04","day":"11","hour":"23","minutes":"25","seconds":"00"},"utc_start_date":"2023-04-11 20:30:00","utc_start_date_details":{"year":"2023","month":"04","day":"11","hour":"20","minutes":"30","seconds":"00"},"utc_end_date":"2023-04-11 21:25:00","utc_end_date_details":{"year":"2023","month":"04","day":"11","hour":"21","minutes":"25","seconds":"00"},"timezone":"Europe\/Madrid","timezone_abbr":"CEST","cost":"","cost_details":{"currency_symbol":"","currency_code":"","currency_position":"prefix","values":[]},"website":"","show_map":true,"show_map_link":true,"hide_from_listings":false,"sticky":false,"featured":false,"categories":[{"name":"Circo","slug":"circo","term_group":0,"term_taxonomy_id":51,"taxonomy":"tribe_events_cat","description":"","parent":0,"count":4,"filter":"raw","id":51,"urls":{"self":"https:\/\/faemclm.es\/feriaxxvii\/wp-json\/tribe\/events\/v1\/categories\/51","collection":"https:\/\/faemclm.es\/feriaxxvii\/wp-json\/tribe\/events\/v1\/categories"}}],"tags":[],"venue":{"id":2637,"author":"1","status":"publish","date":"2022-10-11 08:40:24","date_utc":"2022-10-11 08:40:24","modified":"2022-10-11 08:40:24","modified_utc":"2022-10-11 08:40:24","url":"https:\/\/faemclm.es\/feriaxxvii\/local\/teatro-circo\/","venue":"Teatro Circo","slug":"teatro-circo","address":"C. Isaac Peral, s\/n","city":"Albacete","country":"Espa\u00f1a","province":"Albacete","zip":"02001","phone":"967193630","website":"https:\/\/culturalalbacete.es\/","stateprovince":"Albacete","json_ld":{"@type":"Place","name":"Teatro Circo","description":"","url":"","address":{"@type":"PostalAddress","streetAddress":"C. Isaac Peral, s\/n","addressLocality":"Albacete","addressRegion":"Albacete","postalCode":"02001","addressCountry":"Espa\u00f1a"},"telephone":"967193630","sameAs":"https:\/\/culturalalbacete.es\/"},"show_map":true,"show_map_link":true,"global_id":"faemclm.es\/feriaxxvii?id=2637","global_id_lineage":["faemclm.es\/feriaxxvii?id=2637"]},"organizer":[],"custom_fields":[],"json_ld":{"@context":"http:\/\/schema.org","@type":"Event","name":"DoppioZero","description":"&lt;p&gt;Equipo T\u00e9cnico y Art\u00edstico Idea y Producci\u00f3n:\u00a0Circo Carpa DiemOjo externo:\u00a0Fabrizio RoselliVestuario:\u00a0Giulia RossiEscenograf\u00eda:\u00a0Betti CauDise\u00f1o de iluminaci\u00f3n:\u00a0Dario AndreoliCoproducci\u00f3n:\u00a0Teatro Necesario Para todos los p\u00fablicos | 55 minutos | Teatro Circo Sinopsis \u00c9l es ingenuo, distra\u00eddo y so\u00f1ador, ella&hellip;&lt;\/p&gt;\\n","image":"https:\/\/faemclm.es\/feriaxxvii\/wp-content\/uploads\/2023\/02\/Cartel-Doppiozero.jpg","url":"https:\/\/faemclm.es\/feriaxxvii\/espectaculo\/doppiozero\/","eventAttendanceMode":"https:\/\/schema.org\/OfflineEventAttendanceMode","eventStatus":"https:\/\/schema.org\/EventScheduled","startDate":"2023-04-11T22:30:00+02:00","endDate":"2023-04-11T23:25:00+02:00","location":{"@type":"Place","name":"Teatro Circo","description":"","url":"","address":{"@type":"PostalAddress","streetAddress":"C. Isaac Peral, s\/n","addressLocality":"Albacete","addressRegion":"Albacete","postalCode":"02001","addressCountry":"Espa\u00f1a"},"telephone":"967193630","sameAs":"https:\/\/culturalalbacete.es\/"},"performer":"Organization"}}