{"id":4688,"date":"2023-04-10T17:59:36","date_gmt":"2023-04-10T15:59:36","guid":{"rendered":"https:\/\/faemclm.es\/?p=4688"},"modified":"2023-04-13T09:59:07","modified_gmt":"2023-04-13T07:59:07","slug":"la-xxvii-edicion-de-la-feria-de-artes-escenicas-y-musicales-de-castilla-la-mancha-arranca-manana-con-mas-participacion-profesional-y-cumpliendo-la-reivindicacion-del-sector-cultural","status":"publish","type":"post","link":"https:\/\/faemclm.es\/feriaxxvii\/la-xxvii-edicion-de-la-feria-de-artes-escenicas-y-musicales-de-castilla-la-mancha-arranca-manana-con-mas-participacion-profesional-y-cumpliendo-la-reivindicacion-del-sector-cultural\/","title":{"rendered":"La XXVII edici\u00f3n de la Feria de Artes Esc\u00e9nicas y Musicales de Castilla-La Mancha arranca ma\u00f1ana con m\u00e1s participaci\u00f3n profesional y cumpliendo la reivindicaci\u00f3n del sector cultural"},"content":{"rendered":"\t\t<div data-elementor-type=\"wp-post\" data-elementor-id=\"4688\" class=\"elementor elementor-4688\">\n\t\t\t\t<br \/>\n<b>Warning<\/b>:  Undefined array key \"options\" in <b>\/srv\/vhost\/faemclm.es\/home\/html\/feriaxxvii\/wp-content\/plugins\/trx_addons\/components\/api\/elementor\/elementor.php<\/b> on line <b>1042<\/b><br \/>\n\t\t<section class=\"elementor-section elementor-top-section elementor-element elementor-element-49e5484 elementor-section-boxed elementor-section-height-default elementor-section-height-default\" data-id=\"49e5484\" data-element_type=\"section\">\n\t\t\t\t\t\t<div class=\"elementor-container elementor-column-gap-extended\">\n\t\t\t\t\t<div class=\"elementor-column elementor-col-100 elementor-top-column elementor-element elementor-element-f88f92f sc_layouts_column_icons_position_left\" data-id=\"f88f92f\" data-element_type=\"column\">\n\t\t\t<div class=\"elementor-widget-wrap elementor-element-populated\">\n\t\t\t\t\t\t<div class=\"elementor-element elementor-element-3ad27be elementor-widget elementor-widget-text-editor\" data-id=\"3ad27be\" data-element_type=\"widget\" data-widget_type=\"text-editor.default\">\n\t\t\t\t<div class=\"elementor-widget-container\">\n\t\t\t\t\t\t\t\t\t<p><strong>El director de la FAEMCLM, Antonio Campos acompa\u00f1ado del gerente de Cultural Albacete, Ricardo Bel\u00e9ndez y la programadora cultural del Ayuntamiento de Tarazona de la Mancha, Mar\u00eda del Carmen Lucas, han presentado esta nueva edici\u00f3n, que regresa a primavera, como se ven\u00eda realizando hasta 2019, otorgando la posibilidad de que haya m\u00e1s \u201cparticipaci\u00f3n\u201d, como demuestran las 800 inscripciones profesionales, y teatro en la calle, aprovechando la peatonalizaci\u00f3n de la calle Ancha y la Plaza del Altozano.<\/strong><\/p>\n<p><strong>La FAEMCLM contar\u00e1 ma\u00f1ana con seis representaciones como son: \u201cHuman\u201d de \u201cTakiri\u201d Art Company, \u201cEstamos a tiempo\u201d, \u201cYoyo\u201d, \u201cLa Malcasada\u201d, \u201cFardo\u201d y finalmente, a las 22:30 horas, en el Teatro Circo, llega el estreno nacional de \u2018DoppioZero\u2019, de la compa\u00f1\u00eda \u201cCirco Carpa Diem\u201d, procedentes de Italia.&nbsp;<\/strong><\/p>\t\t\t\t\t\t\t\t<\/div>\n\t\t\t\t<\/div>\n\t\t\t\t\t<\/div>\n\t\t<\/div>\n\t\t\t\t\t<\/div>\n\t\t<\/section>\n\t\t\t\t<section class=\"elementor-section elementor-top-section elementor-element elementor-element-46dd03f elementor-section-boxed elementor-section-height-default elementor-section-height-default\" data-id=\"46dd03f\" data-element_type=\"section\">\n\t\t\t\t\t\t<div class=\"elementor-container elementor-column-gap-extended\">\n\t\t\t\t\t<div class=\"elementor-column elementor-col-100 elementor-top-column elementor-element elementor-element-db46729 sc_layouts_column_icons_position_left\" data-id=\"db46729\" data-element_type=\"column\">\n\t\t\t<div class=\"elementor-widget-wrap elementor-element-populated\">\n\t\t\t\t\t\t<div class=\"elementor-element elementor-element-52e3f6a elementor-widget elementor-widget-spacer\" data-id=\"52e3f6a\" data-element_type=\"widget\" data-widget_type=\"spacer.default\">\n\t\t\t\t<div class=\"elementor-widget-container\">\n\t\t\t\t\t\t\t<div class=\"elementor-spacer\">\n\t\t\t<div class=\"elementor-spacer-inner\"><\/div>\n\t\t<\/div>\n\t\t\t\t\t\t<\/div>\n\t\t\t\t<\/div>\n\t\t\t\t\t<\/div>\n\t\t<\/div>\n\t\t\t\t\t<\/div>\n\t\t<\/section>\n\t\t\t\t<section class=\"elementor-section elementor-top-section elementor-element elementor-element-acd72fc elementor-section-boxed elementor-section-height-default elementor-section-height-default\" data-id=\"acd72fc\" data-element_type=\"section\">\n\t\t\t\t\t\t<div class=\"elementor-container elementor-column-gap-extended\">\n\t\t\t\t\t<div class=\"elementor-column elementor-col-100 elementor-top-column elementor-element elementor-element-00935bf sc_layouts_column_icons_position_left\" data-id=\"00935bf\" data-element_type=\"column\">\n\t\t\t<div class=\"elementor-widget-wrap elementor-element-populated\">\n\t\t\t\t\t\t<div class=\"elementor-element elementor-element-3957645 elementor-widget elementor-widget-text-editor\" data-id=\"3957645\" data-element_type=\"widget\" data-widget_type=\"text-editor.default\">\n\t\t\t\t<div class=\"elementor-widget-container\">\n\t\t\t\t\t\t\t\t\t<p>La XXVII edici\u00f3n de la Feria de Artes Esc\u00e9nicas y Musicales de Castilla-La Mancha arranca ma\u00f1ana con la previsi\u00f3n de superar espectadores y cumplir el objetivo de seguir siendo una referencia para el sector cultural y para la escena contempor\u00e1nea de nuestra Comunidad Aut\u00f3noma.<\/p><p>El director de la FAEMCLM, Antonio Campos acompa\u00f1ado del gerente de Cultural Albacete, Ricardo Bel\u00e9ndez y la programadora cultural del Ayuntamiento de Tarazona de la Mancha, Mar\u00eda del Carmen Lucas han presentado esta nueva edici\u00f3n, que regresa a primavera, otorgando la posibilidad de que haya m\u00e1s \u201cparticipaci\u00f3n\u201d, como demuestra que haya m\u00e1s inscripciones profesionales que el pasado a\u00f1o, alcanzando las 800 personas.<\/p><p>Con estas fechas del mes de abril, ha apuntado Campos, se abre la posibilidad al teatro, danza y m\u00fasica en la calle, aprovechando la nueva zona de peatonalizaci\u00f3n del centro de la ciudad de Albacete, como es la Calle Ancha y la Plaza del Altozano, adem\u00e1s de cumplir una reivindicaci\u00f3n del sector antes de la pandemia del COVID-19.<\/p><p>As\u00ed lo ha trasladado Antonio Campos, durante su comparecencia en la Casa Perona, sede de la Delegaci\u00f3n de la Junta en Albacete, donde ha recordado que esta XXVII edici\u00f3n de la FAEMCLM \u00a0se desarrollar\u00e1 entre el 11 y el 14 de abril, con 22 compa\u00f1\u00edas de las que nueve son de Castilla-La Mancha y el resto de las Comunidades Aut\u00f3nomas de Catalu\u00f1a, Comunidad Valenciana, Extremadura, Madrid, Pa\u00eds Vasco y Galicia.<\/p><p>Adem\u00e1s, \u201ccomo novedad\u201d, este a\u00f1o dos compa\u00f1\u00edas internacionales: \u2018DoppioZero\u2019, de Italia; y \u2018Peripecia Teatro\u2019 de Portugal, presentar\u00e1n en Albacete sus estrenos en nuestro pa\u00eds\u201d.<\/p><p>El director de la FAEMCLM ha agradecido la implicaci\u00f3n de toda la direcci\u00f3n t\u00e9cnica del Festival, el papel que desempe\u00f1a Cultural Albacete, a la Consejer\u00eda de Educaci\u00f3n, Cultura y Deportes, y al Ayuntamiento de Albacete \u201cpor su colaboraci\u00f3n para que se celebre a pocos meses de diferencia del anterior\u201d.<\/p><p>Los espacios esc\u00e9nicos que utilizar\u00e1 la FAEMCLM ser\u00e1n siete: El Teatro Circo, el Centro Cultural \u2018Saramago\u2019, el Auditorio del Ayuntamiento, el Teatro de La Paz, la Plaza de la Constituci\u00f3n, el Altozano y la Calle Ancha, y est\u00e1 previsto que cerca de 2.000 alumnos y alumnas de 18 centros educativos de Primaria y Secundaria de Albacete asistan a diez espect\u00e1culos matinales.<\/p><p><strong>Arranca la FAEMCLM con seis propuestas<\/strong><\/p><p>La FAEMCLM contar\u00e1 ma\u00f1ana con seis representaciones como son: \u201cHuman\u201d a las 11:00 horas, en el Auditorio municipal, un espect\u00e1culo de danza-teatro de \u201cTakiri\u201d Art Company. M\u00e1s tarde, a las 12:30 llega \u201cEstamos a tiempo\u201d con el teatro inclusivo en el Teatro Circo de Albacete, aunque hoy tambi\u00e9n habr\u00e1 una representaci\u00f3n a las 20:00 horas; y la ma\u00f1ana acabar\u00e1 con \u201cYoyo\u201d a las 13:45 horas, en la Plaza del Altozano, con teatro en la calle de Mayte Tortosa y Victor Fern\u00e1ndez.<\/p><p>Por la tarde, ser\u00e1 el turno de \u201cLa Malcasada\u201d en Tumba Lobos Teatro a las 16:30 horas, en el Teatro de la Paz. Posteriormente, \u201cFardo\u201d de Hern\u00e1n Gen\u00e9 en el Auditorio municipal a las 18:30 horas y finalmente, a las 22:30 horas, en el Teatro Circo, llega el estreno nacional de \u2018DoppioZero\u2019, procedentes de Italia; de la compa\u00f1\u00eda \u201cCirco Carpa Diem\u201d.<\/p>\t\t\t\t\t\t\t\t<\/div>\n\t\t\t\t<\/div>\n\t\t\t\t\t<\/div>\n\t\t<\/div>\n\t\t\t\t\t<\/div>\n\t\t<\/section>\n\t\t\t\t<\/div>\n\t\t","protected":false},"excerpt":{"rendered":"<p>El director de la FAEMCLM, Antonio Campos acompa\u00f1ado del gerente de Cultural Albacete, Ricardo Bel\u00e9ndez y la programadora cultural del Ayuntamiento de Tarazona de la Mancha, Mar\u00eda del Carmen Lucas, han presentado esta nueva edici\u00f3n,&hellip;<\/p>\n","protected":false},"author":1,"featured_media":4690,"comment_status":"closed","ping_status":"closed","sticky":false,"template":"","format":"image","meta":{"footnotes":""},"categories":[53],"tags":[],"class_list":["post-4688","post","type-post","status-publish","format-image","has-post-thumbnail","hentry","category-noticia","post_format-post-format-image"],"_links":{"self":[{"href":"https:\/\/faemclm.es\/feriaxxvii\/wp-json\/wp\/v2\/posts\/4688","targetHints":{"allow":["GET"]}}],"collection":[{"href":"https:\/\/faemclm.es\/feriaxxvii\/wp-json\/wp\/v2\/posts"}],"about":[{"href":"https:\/\/faemclm.es\/feriaxxvii\/wp-json\/wp\/v2\/types\/post"}],"author":[{"embeddable":true,"href":"https:\/\/faemclm.es\/feriaxxvii\/wp-json\/wp\/v2\/users\/1"}],"replies":[{"embeddable":true,"href":"https:\/\/faemclm.es\/feriaxxvii\/wp-json\/wp\/v2\/comments?post=4688"}],"version-history":[{"count":0,"href":"https:\/\/faemclm.es\/feriaxxvii\/wp-json\/wp\/v2\/posts\/4688\/revisions"}],"wp:featuredmedia":[{"embeddable":true,"href":"https:\/\/faemclm.es\/feriaxxvii\/wp-json\/wp\/v2\/media\/4690"}],"wp:attachment":[{"href":"https:\/\/faemclm.es\/feriaxxvii\/wp-json\/wp\/v2\/media?parent=4688"}],"wp:term":[{"taxonomy":"category","embeddable":true,"href":"https:\/\/faemclm.es\/feriaxxvii\/wp-json\/wp\/v2\/categories?post=4688"},{"taxonomy":"post_tag","embeddable":true,"href":"https:\/\/faemclm.es\/feriaxxvii\/wp-json\/wp\/v2\/tags?post=4688"}],"curies":[{"name":"wp","href":"https:\/\/api.w.org\/{rel}","templated":true}]}}