{"id":4836,"date":"2023-04-13T09:58:00","date_gmt":"2023-04-13T07:58:00","guid":{"rendered":"https:\/\/faemclm.es\/?p=4836"},"modified":"2023-04-13T10:07:16","modified_gmt":"2023-04-13T08:07:16","slug":"la-danza-y-el-circo-se-convierten-en-protagonistas-en-auge-social-de-la-xxvii-feria-de-artes-escenicas-y-musicales-de-castilla-la-mancha","status":"publish","type":"post","link":"https:\/\/faemclm.es\/feriaxxvii\/la-danza-y-el-circo-se-convierten-en-protagonistas-en-auge-social-de-la-xxvii-feria-de-artes-escenicas-y-musicales-de-castilla-la-mancha\/","title":{"rendered":"La danza y el circo se convierten en protagonistas \u201cen auge\u201d social de la XXVII Feria de Artes Esc\u00e9nicas y Musicales de Castilla-La Mancha"},"content":{"rendered":"\t\t<div data-elementor-type=\"wp-post\" data-elementor-id=\"4836\" class=\"elementor elementor-4836\">\n\t\t\t\t<br \/>\n<b>Warning<\/b>:  Undefined array key \"options\" in <b>\/srv\/vhost\/faemclm.es\/home\/html\/feriaxxvii\/wp-content\/plugins\/trx_addons\/components\/api\/elementor\/elementor.php<\/b> on line <b>1042<\/b><br \/>\n\t\t<section class=\"elementor-section elementor-top-section elementor-element elementor-element-8ba8923 elementor-section-boxed elementor-section-height-default elementor-section-height-default\" data-id=\"8ba8923\" data-element_type=\"section\">\n\t\t\t\t\t\t<div class=\"elementor-container elementor-column-gap-extended\">\n\t\t\t\t\t<div class=\"elementor-column elementor-col-100 elementor-top-column elementor-element elementor-element-7a6faad sc_layouts_column_icons_position_left\" data-id=\"7a6faad\" data-element_type=\"column\">\n\t\t\t<div class=\"elementor-widget-wrap elementor-element-populated\">\n\t\t\t\t\t\t<div class=\"elementor-element elementor-element-811e16e elementor-widget elementor-widget-text-editor\" data-id=\"811e16e\" data-element_type=\"widget\" data-widget_type=\"text-editor.default\">\n\t\t\t\t<div class=\"elementor-widget-container\">\n\t\t\t\t\t\t\t\t\t<p><strong>La danza-teatro, la danza inclusiva y la danza urbana adquieren peso en la XXVII edici\u00f3n de la FAEMCLM con \u201cHuman\u201d, \u201cEstamos a Tiempo\u201d y \u201cYo-yo\u201d respectivamente, reflejando el importante peso que han adquirido estas disciplinas art\u00edsticas en la sociedad actual.<\/strong><br \/><strong>\u00a0<\/strong><br \/><strong>La FAEMCLM incluye hoy dos estrenos nacionales, como son \u201cFardo\u201d, de la compa\u00f1\u00eda \u201cPeripecia Teatro\u201d, procedente de Portugal, en una representaci\u00f3n con m\u00e1scaras y arte po\u00e9tico, en el Auditorio municipal, a las 18:45 horas, y \u201cDoppioZero\u201d de Italia, de la compa\u00f1\u00eda \u201cCirco Carpa Diem\u201d, en la modalidad de Circo, y en el Teatro Circo, a las 22:30 horas, \u201csiendo dos grandes apuestas de calidad de la Feria de este a\u00f1o\u201d.<\/strong><br \/><strong>\u00a0<\/strong><br \/><strong>El teatro tendr\u00e1 representaci\u00f3n hoy con \u201cLa Malcasada\u201d a las 16:30 horas, de \u201cTumba Lobos Teatro\u201d, en el Teatro de la Paz, representando a una de las dos compa\u00f1\u00edas que adquirieron ayudas p\u00fablicas en el pasado Festival Internacional de Teatro Cl\u00e1sico de Almagro.<\/strong><\/p>\t\t\t\t\t\t\t\t<\/div>\n\t\t\t\t<\/div>\n\t\t\t\t\t<\/div>\n\t\t<\/div>\n\t\t\t\t\t<\/div>\n\t\t<\/section>\n\t\t\t\t<section class=\"elementor-section elementor-top-section elementor-element elementor-element-1feae37 elementor-section-boxed elementor-section-height-default elementor-section-height-default\" data-id=\"1feae37\" data-element_type=\"section\">\n\t\t\t\t\t\t<div class=\"elementor-container elementor-column-gap-extended\">\n\t\t\t\t\t<div class=\"elementor-column elementor-col-100 elementor-top-column elementor-element elementor-element-6190fcb sc_layouts_column_icons_position_left\" data-id=\"6190fcb\" data-element_type=\"column\">\n\t\t\t<div class=\"elementor-widget-wrap elementor-element-populated\">\n\t\t\t\t\t\t<div class=\"elementor-element elementor-element-db28634 elementor-widget elementor-widget-spacer\" data-id=\"db28634\" data-element_type=\"widget\" data-widget_type=\"spacer.default\">\n\t\t\t\t<div class=\"elementor-widget-container\">\n\t\t\t\t\t\t\t<div class=\"elementor-spacer\">\n\t\t\t<div class=\"elementor-spacer-inner\"><\/div>\n\t\t<\/div>\n\t\t\t\t\t\t<\/div>\n\t\t\t\t<\/div>\n\t\t\t\t\t<\/div>\n\t\t<\/div>\n\t\t\t\t\t<\/div>\n\t\t<\/section>\n\t\t\t\t<section class=\"elementor-section elementor-top-section elementor-element elementor-element-995ebc1 elementor-section-boxed elementor-section-height-default elementor-section-height-default\" data-id=\"995ebc1\" data-element_type=\"section\">\n\t\t\t\t\t\t<div class=\"elementor-container elementor-column-gap-extended\">\n\t\t\t\t\t<div class=\"elementor-column elementor-col-100 elementor-top-column elementor-element elementor-element-7debb35 sc_layouts_column_icons_position_left\" data-id=\"7debb35\" data-element_type=\"column\">\n\t\t\t<div class=\"elementor-widget-wrap elementor-element-populated\">\n\t\t\t\t\t\t<div class=\"elementor-element elementor-element-d1ce386 elementor-widget elementor-widget-text-editor\" data-id=\"d1ce386\" data-element_type=\"widget\" data-widget_type=\"text-editor.default\">\n\t\t\t\t<div class=\"elementor-widget-container\">\n\t\t\t\t\t\t\t\t\t<p>La danza y el circo son protagonistas hoy de la XXVII Feria de Artes Esc\u00e9nicas y Musicales de Castilla-La Mancha, dos disciplinas art\u00edsticas que han adquirido mucho peso y auge, dentro de la programaci\u00f3n de este evento cultural de la Comunidad Aut\u00f3noma y referente dentro del calendario de ferias nacionales.<\/p>\n<p>As\u00ed lo han puesto de manifiesto, el director de la FAEMCLM, Antonio Campos y el representante de la Comisi\u00f3n de Valoraci\u00f3n de la FAEMCLM, Luis Ram\u00edrez, durante la presentaci\u00f3n de la programaci\u00f3n de hoy, donde la danza-teatro, la danza inclusiva y la danza urbana llegar\u00e1n con \u201cHuman\u201d, a las 11:00 en el Auditorio municipal; \u201cEstamos a Tiempo\u201d a las 12:30 horas, en el Teatro Circo;&nbsp; y \u201cYo-yo\u201d a las 14:30 horas en la Plaza del Altozano, respectivamente.<\/p>\n<p>Dentro de estos tres espect\u00e1culos, el director de \u201cEstamos a Tiempo\u201d, Ram\u00f3n Marcos ha resaltado la importancia de la danza-inclusiva, por su dimensi\u00f3n, proyecci\u00f3n nacional y especialmente por contar con 17 int\u00e9rpretes de Albacete y de Castilla-La Mancha, realizando un gran trabajo individual y en grupo.<\/p>\n<p>Adem\u00e1s, la programaci\u00f3n de hoy en la FAEMCLM, incluye dos estrenos nacionales esta tarde, como son \u201cFardo\u201d, de la compa\u00f1\u00eda \u201cPeripecia Teatro\u201d, procedente de Portugal, en una representaci\u00f3n con m\u00e1scaras y arte po\u00e9tico, en el Auditorio municipal, a las 18:45 horas y \u201cDoppioZero\u201d de Italia, de la compa\u00f1\u00eda \u201cCirco Carpa Diem\u201d, en la modalidad de Circo, y en el Teatro Circo, a las 22:30 horas, \u201csiendo dos grandes apuestas de la Feria de este a\u00f1o\u201d.<\/p>\n<p>El teatro tendr\u00e1 representaci\u00f3n con \u201cLa Malcasada\u201d a las 16:30 horas, de \u201cTumba Lobos Teatro\u201d, en el Teatro de la Paz, y que fue una de las dos compa\u00f1\u00edas que adquirieron ayudas p\u00fablicas del estado en el pasado Festival Internacional de Teatro Cl\u00e1sico de Almagro.<\/p>\n<p>Desde la Comisi\u00f3n de Valoraci\u00f3n de la FAEMCLM se ha recordado que la selecci\u00f3n de toda la programaci\u00f3n de esta Feria, se pretende que est\u00e9n las 4 disciplinas art\u00edsticas representadas como son el teatro, la m\u00fasica, la danza y el circo.<\/p>\n<p><strong>Encuentro Profesional y Rueda de Negocios<\/strong><\/p>\n<p>El director de la XXVII edici\u00f3n de la Feria de Artes Esc\u00e9nicas y Musicales de Castilla-La Mancha, Antonio Campos que tambi\u00e9n ha estado acompa\u00f1ado el director del espect\u00e1culo de Danza \u201cEstamos a Tiempo\u201d, Ram\u00f3n Marcos y la representante de la Coordinadora nacional de Ferias de Artes Esc\u00e9nicas (COFAE), Olga Clemente, ha trasladado la importancia que tendr\u00e1 \u201cLa Rueda de Negocios\u201d que se celebrar\u00e1 ma\u00f1ana, a las 21:00 horas, en el Casino Primitivo.<\/p>\n<p>Este Encuentro Profesional permitir\u00e1 a gestores, distribuidores y compa\u00f1\u00edas mantener reuniones en 11 mesas establecidas en este establecimiento de la ciudad de Albacete, buscando cerrar acuerdos empresariales y permitiendo a las compa\u00f1\u00edas, tanto de Castilla-La Mancha como de otras Comunidades Aut\u00f3nomas, informar de sus espect\u00e1culos.<\/p>\n<p>Campos ha mostrado las posibilidades que abrir\u00e1 esta \u201cRueda de Negocios\u201d en el mercado, y ha recordado la importancia de que la FAEMCLM se celebre en primavera, agradeciendo la labor de todas las Instituciones P\u00fablicas Implicadas.<\/p>\n<p>Adem\u00e1s, la programadora del nuevo Teatro de Villaseca de la Sagra (Toledo) y representante de facilitadores PRO en COFAE, Olga Clemente, ha reivindicado precisamente esta figura t\u00e9cnica, especializada por un lado en dar a conocer los trabajos de compa\u00f1\u00edas a gestores y las distribuidoras, adem\u00e1s de organizar las estancias, viajes y permanencia de los profesionales en Ferias como la FAEMCLM.<\/p>\n<p><strong>Programaci\u00f3n de ma\u00f1ana en la FAEMCLM<\/strong><\/p>\n<p>Ma\u00f1ana mi\u00e9rcoles 12 de abril, la XXVII edici\u00f3n de la FAEMCLM abre sus puertas a \u201cA barca do inferno\u201d a las 10:00 horas en el Auditorio municipal; \u201cAmbulantes\u201d a la 11:00 horas, de Z teatro y La Escalera de Tijera, en la calle Ancha y \u201cOliva\u201d de Pepa Pedroche a las 12:00 horas, en el Teatro Circo, sobre la figura de la fil\u00f3sofa manchega del siglo de Oro, Oliva Sabuco.<\/p>\n<p>La danza vuelve con \u201cCampo Cerrado\u201d a las 13:30 horas en la Plaza del Altozano; \u201cYou Say Tomato\u201d bajo la direcci\u00f3n de Joan Maria Segura Bernardas, en el Teatro de la Paz a las 16:30 horas, \u201cLas aventuras de Sam\u201d a las 18:30 horas de Miguel de Lucas, en la Plaza del Altozano y se cerrar\u00e1 la jornada con \u201cMuchos amigos negros\u201d de la compa\u00f1\u00eda del Teatro de Malta, a las 19:00 horas, en el Auditorio municipal.<\/p>\t\t\t\t\t\t\t\t<\/div>\n\t\t\t\t<\/div>\n\t\t\t\t\t<\/div>\n\t\t<\/div>\n\t\t\t\t\t<\/div>\n\t\t<\/section>\n\t\t\t\t<\/div>\n\t\t","protected":false},"excerpt":{"rendered":"<p>La danza-teatro, la danza inclusiva y la danza urbana adquieren peso en la XXVII edici\u00f3n de la FAEMCLM con \u201cHuman\u201d, \u201cEstamos a Tiempo\u201d y \u201cYo-yo\u201d respectivamente, reflejando el importante peso que han adquirido estas disciplinas&hellip;<\/p>\n","protected":false},"author":1,"featured_media":4845,"comment_status":"closed","ping_status":"closed","sticky":false,"template":"","format":"standard","meta":{"footnotes":""},"categories":[53],"tags":[],"class_list":["post-4836","post","type-post","status-publish","format-standard","has-post-thumbnail","hentry","category-noticia"],"_links":{"self":[{"href":"https:\/\/faemclm.es\/feriaxxvii\/wp-json\/wp\/v2\/posts\/4836","targetHints":{"allow":["GET"]}}],"collection":[{"href":"https:\/\/faemclm.es\/feriaxxvii\/wp-json\/wp\/v2\/posts"}],"about":[{"href":"https:\/\/faemclm.es\/feriaxxvii\/wp-json\/wp\/v2\/types\/post"}],"author":[{"embeddable":true,"href":"https:\/\/faemclm.es\/feriaxxvii\/wp-json\/wp\/v2\/users\/1"}],"replies":[{"embeddable":true,"href":"https:\/\/faemclm.es\/feriaxxvii\/wp-json\/wp\/v2\/comments?post=4836"}],"version-history":[{"count":0,"href":"https:\/\/faemclm.es\/feriaxxvii\/wp-json\/wp\/v2\/posts\/4836\/revisions"}],"wp:featuredmedia":[{"embeddable":true,"href":"https:\/\/faemclm.es\/feriaxxvii\/wp-json\/wp\/v2\/media\/4845"}],"wp:attachment":[{"href":"https:\/\/faemclm.es\/feriaxxvii\/wp-json\/wp\/v2\/media?parent=4836"}],"wp:term":[{"taxonomy":"category","embeddable":true,"href":"https:\/\/faemclm.es\/feriaxxvii\/wp-json\/wp\/v2\/categories?post=4836"},{"taxonomy":"post_tag","embeddable":true,"href":"https:\/\/faemclm.es\/feriaxxvii\/wp-json\/wp\/v2\/tags?post=4836"}],"curies":[{"name":"wp","href":"https:\/\/api.w.org\/{rel}","templated":true}]}}