{"id":4913,"date":"2023-04-14T10:17:11","date_gmt":"2023-04-14T08:17:11","guid":{"rendered":"https:\/\/faemclm.es\/?p=4913"},"modified":"2023-04-14T10:21:37","modified_gmt":"2023-04-14T08:21:37","slug":"el-concierto-intenso-de-la-gira-de-ismael-gonzalez-gran-propuesta-musical-hoy-en-la-feria-de-artes-escenicas-y-musicales-de-castilla-la-mancha","status":"publish","type":"post","link":"https:\/\/faemclm.es\/feriaxxvii\/el-concierto-intenso-de-la-gira-de-ismael-gonzalez-gran-propuesta-musical-hoy-en-la-feria-de-artes-escenicas-y-musicales-de-castilla-la-mancha\/","title":{"rendered":"El concierto \u201cIntenso\u201d de la gira de Ismael Gonz\u00e1lez, gran propuesta musical hoy en la Feria de Artes Esc\u00e9nicas y Musicales de Castilla-La Mancha"},"content":{"rendered":"\t\t<div data-elementor-type=\"wp-post\" data-elementor-id=\"4913\" class=\"elementor elementor-4913\">\n\t\t\t\t<br \/>\n<b>Warning<\/b>:  Undefined array key \"options\" in <b>\/srv\/vhost\/faemclm.es\/home\/html\/feriaxxvii\/wp-content\/plugins\/trx_addons\/components\/api\/elementor\/elementor.php<\/b> on line <b>1042<\/b><br \/>\n\t\t<section class=\"elementor-section elementor-top-section elementor-element elementor-element-c36bebe elementor-section-boxed elementor-section-height-default elementor-section-height-default\" data-id=\"c36bebe\" data-element_type=\"section\">\n\t\t\t\t\t\t<div class=\"elementor-container elementor-column-gap-extended\">\n\t\t\t\t\t<div class=\"elementor-column elementor-col-100 elementor-top-column elementor-element elementor-element-6b62f6b sc_layouts_column_icons_position_left\" data-id=\"6b62f6b\" data-element_type=\"column\">\n\t\t\t<div class=\"elementor-widget-wrap elementor-element-populated\">\n\t\t\t\t\t\t<div class=\"elementor-element elementor-element-2531c31 elementor-widget elementor-widget-text-editor\" data-id=\"2531c31\" data-element_type=\"widget\" data-widget_type=\"text-editor.default\">\n\t\t\t\t<div class=\"elementor-widget-container\">\n\t\t\t\t\t\t\t\t\t<p><strong>El manager del cantante extreme\u00f1o, Dar\u00edo Berm\u00fadez ha agradecido a la direcci\u00f3n de la FAEMCLM abrir hoy el espacio esc\u00e9nico del Auditorio municipal a la gira \u201cIntenso Tour\u201d, y ha recordado que Ismael Gonz\u00e1lez cuenta con su tema principal con m\u00e1s de un mill\u00f3n de escuchas en Spotify, adem\u00e1s de haber actuado en 150 conciertos desde 2019. \u201cLas Aventuras de Sam\u201d de Dr Sapo, ha sido el otro espect\u00e1culo musical de la programaci\u00f3n de este a\u00f1o, organizado ayer d\u00eda 12, en la Plaza de la Constituci\u00f3n.<\/strong><br \/><strong>\u00a0<\/strong><br \/><strong>Otro de los grandes atractivos de la programaci\u00f3n de hoy en la FAEMCLM ser\u00e1 \u201cAmbulant\u201d de la compa\u00f1\u00eda valenciana, \u201cLa FAM Teatre\u201d, un espect\u00e1culo de circo de gran formato, homenajeando la cultura circense de los a\u00f1os 20, bajo la direcci\u00f3n art\u00edstica de Adrian Schvarzstein, con diez actores en escena, incluyendo m\u00fasica en directo, para deleitar al p\u00fablico a las 21:00 horas, en el Teatro Circo de Albacete.<\/strong><br \/><strong>\u00a0<\/strong><br \/><strong>La FAEMCLM ha realizado hoy un hermanamiento con la Feria de Teatro de Foundao, promocionando su IV edici\u00f3n que se celebrar\u00e1 del 28 de junio hasta el 1 de julio, y que es un ejemplo de \u201ccooperaci\u00f3n cultural\u201d y aspira a ser la gran Feria de Teatro Ib\u00e9rica, con un 50 por ciento de producciones de ambos pa\u00edses.<\/strong><\/p>\t\t\t\t\t\t\t\t<\/div>\n\t\t\t\t<\/div>\n\t\t\t\t\t<\/div>\n\t\t<\/div>\n\t\t\t\t\t<\/div>\n\t\t<\/section>\n\t\t\t\t<section class=\"elementor-section elementor-top-section elementor-element elementor-element-b1da454 elementor-section-boxed elementor-section-height-default elementor-section-height-default\" data-id=\"b1da454\" data-element_type=\"section\">\n\t\t\t\t\t\t<div class=\"elementor-container elementor-column-gap-extended\">\n\t\t\t\t\t<div class=\"elementor-column elementor-col-100 elementor-top-column elementor-element elementor-element-0f21611 sc_layouts_column_icons_position_left\" data-id=\"0f21611\" data-element_type=\"column\">\n\t\t\t<div class=\"elementor-widget-wrap elementor-element-populated\">\n\t\t\t\t\t\t<div class=\"elementor-element elementor-element-5daa75c elementor-widget elementor-widget-spacer\" data-id=\"5daa75c\" data-element_type=\"widget\" data-widget_type=\"spacer.default\">\n\t\t\t\t<div class=\"elementor-widget-container\">\n\t\t\t\t\t\t\t<div class=\"elementor-spacer\">\n\t\t\t<div class=\"elementor-spacer-inner\"><\/div>\n\t\t<\/div>\n\t\t\t\t\t\t<\/div>\n\t\t\t\t<\/div>\n\t\t\t\t\t<\/div>\n\t\t<\/div>\n\t\t\t\t\t<\/div>\n\t\t<\/section>\n\t\t\t\t<section class=\"elementor-section elementor-top-section elementor-element elementor-element-ceddc85 elementor-section-boxed elementor-section-height-default elementor-section-height-default\" data-id=\"ceddc85\" data-element_type=\"section\">\n\t\t\t\t\t\t<div class=\"elementor-container elementor-column-gap-extended\">\n\t\t\t\t\t<div class=\"elementor-column elementor-col-100 elementor-top-column elementor-element elementor-element-16690ac sc_layouts_column_icons_position_left\" data-id=\"16690ac\" data-element_type=\"column\">\n\t\t\t<div class=\"elementor-widget-wrap elementor-element-populated\">\n\t\t\t\t\t\t<div class=\"elementor-element elementor-element-4d8f0b2 elementor-widget elementor-widget-text-editor\" data-id=\"4d8f0b2\" data-element_type=\"widget\" data-widget_type=\"text-editor.default\">\n\t\t\t\t<div class=\"elementor-widget-container\">\n\t\t\t\t\t\t\t\t\t<p>El cantante y compositor extreme\u00f1o, Ismael Gonz\u00e1lez ofrece uno de los dos espect\u00e1culos musicales de la programaci\u00f3n de la XXVII edici\u00f3n de la Feria de Artes Esc\u00e9nicas y Musicales de Castilla-La Mancha, gracias a su concierto \u201cIntenso\u201d, de la compa\u00f1\u00eda toledana, \u201cImpermeable Producciones\u201d, esta tarde, a las 19:00 horas, en el Auditorio municipal.<\/p>\n<p>El manager de Ismael Gonz\u00e1lez, Dar\u00edo Berm\u00fadez ha agradecido a la direcci\u00f3n de la FAEMCLM la posibilidad de abrir ese espacio esc\u00e9nico a la gira \u201cIntenso Tour\u201d, que coge su nombre de una de las canciones del cantante placentino, que acumula m\u00e1s de un mill\u00f3n de escuchas en Spotify y con 150 conciertos realizados desde 2019.<\/p>\n<p>Berm\u00fadez ha explicado que esta Feria \u201ces un gran escaparate musical\u201d, y ha puesto como ejemplo, a \u201cKarmento\u201d que form\u00f3 parte de la programaci\u00f3n de la FAEMCLM de 2021, y ha resaltado que \u201cIsmael y su banda conectar\u00e1n seguro con el p\u00fablico de Albacete\u201d, despu\u00e9s del \u00e9xito que ya tuvo con su anterior disco \u201cResiliencia\u201d.<\/p>\n<p>El otro espect\u00e1culo musical que ha tenido cabida en la FAEMCLM en este 2023, ha sido \u201cLas Aventuras de Sam\u201d de Dr Sapo, respaldado por numeroso p\u00fablico, ayer d\u00eda 12, en la Plaza de la Constituci\u00f3n.<\/p>\n<p><strong>La FAM Teatre en la FAEYMCLM<\/strong><\/p>\n<p>Otro de los grandes atractivos de la programaci\u00f3n de hoy en la FAEMCLM ser\u00e1 \u201cAmbulant\u201d de la compa\u00f1\u00eda valenciana, \u201cLa FAM Teatre\u201d, cuya sede se encuentra en Castell\u00f3n de la Plana, y que deleitar\u00e1 al p\u00fablico del Teatro Circo, esta noche a las 21:00 horas, con un espect\u00e1culo de circo de gran formato, siendo un homenaje a la cultura circense cl\u00e1sica de los a\u00f1os 20.<\/p>\n<p>As\u00ed lo ha trasladado el productor de La FAM Teatre, Sergi Heredia que ha descrito \u201cAmbulant\u201d como \u201cun espect\u00e1culo de gran formato y m\u00fasica poco habitual en sala\u201d, con 10 actores en escena, que tiene 40 fechas cerradas en teatros de \u00e1mbito nacional, bajo la direcci\u00f3n art\u00edstica de Adrian Schvarzstein; los m\u00fasicos, Rub\u00e9n Traver y Mario Herrero.<\/p>\n<p>Se estren\u00f3 en la Feria de Teatro de Alcoy, el pasado a\u00f1o 2022, siendo reconocida como el mejor espect\u00e1culo \u201cfamiliar\u201d, que propone y combina diferentes t\u00e9cnicas de circo, con un equipo de personas de diferentes partes de la Pen\u00ednsula Ib\u00e9rica, concentrada en una producci\u00f3n de estas caracter\u00edsticas que est\u00e1 cosechando grandes \u00e9xitos en toda Espa\u00f1a.<\/p>\n<p><strong>Hermanamiento del Teatro Ib\u00e9rico<\/strong><\/p>\n<p>El director de la FAEMCLM, Antonio Campos ha realizado hoy un hermanamiento con los representantes de la Feria de Teatro de Foundao, en la ciudad de Portugal del mismo nombre, entre ellos Alexandre Barata, qui\u00e9n han informado que este evento cultural cercano a la frontera con Espa\u00f1a, alcanzar\u00e1 su IV edici\u00f3n y que aspira a ser un ejemplo de \u201ccooperaci\u00f3n ib\u00e9rica en materia cultural\u201d.<\/p>\n<p>Esta Feria Ib\u00e9rica de Teatro cuenta con una representaci\u00f3n de todas las disciplinas art\u00edsticas, con un 50 por ciento de producci\u00f3n portuguesa y otro 50 por ciento espa\u00f1ola, y se celebrar\u00e1 del 28 de junio hasta el 1 de julio, y est\u00e1 presente en la FAEMCLM para conocer el desarrollo de la Feria de Castilla-La Mancha<\/p>\n<p>\u201cLa cultura no tiene fronteras, es un camino de libertad, y Portugal quiere aprender de Ferias como la que se desarrolla en Castilla-La Mancha\u201d, han aseverado, resaltando la importancia de la riqueza ling\u00fc\u00edstica que tiene esta Feria Ib\u00e9rica.<\/p>\n<p><strong>Programaci\u00f3n de hoy en la FAEMCLM<\/strong><\/p>\n<p>En la programaci\u00f3n de hoy, el Centro Cultural \u201cJos\u00e9 Saramago\u201d ha acogido el espect\u00e1culo \u201cGori Gori\u201d de la compa\u00f1\u00eda de t\u00edteres \u201cEl Baile de San Vito\u201d a las 09:15 horas. M\u00e1s tarde, el Auditorio municipal ha tenido el espect\u00e1culo \u201cLa Gran Fuga\u201d de Woodsbeats, en una revisi\u00f3n-homenaje de las m\u00edticas pel\u00edculas de evasiones de los a\u00f1os sesenta y setenta; y el Teatro Circo ha acogido, \u201cMartirio Alba\u201d de la compa\u00f1\u00eda de reciente creaci\u00f3n \u201cLa P\u00faa Esc\u00e9nica\u201d.<\/p>\n<p>La tarde contar\u00e1 con \u201cVaga\u201d de 099 Producciones en el Teatro de la Paz a las 16:30 horas, con las actrices, Esther Acevedo y Bego\u00f1a Miranda; el teatro de calle a las 18:00 horas en la Calle Ancha con \u201cVertumo. Siglo de Risas y Oro\u201d de Akatama Creatividad Cultural, cerrando la pen\u00faltima jornada de la FAEMCLM, con \u201cIntenso\u201d y \u201cAmbulant\u201d.<\/p>\t\t\t\t\t\t\t\t<\/div>\n\t\t\t\t<\/div>\n\t\t\t\t\t<\/div>\n\t\t<\/div>\n\t\t\t\t\t<\/div>\n\t\t<\/section>\n\t\t\t\t<\/div>\n\t\t","protected":false},"excerpt":{"rendered":"<p>El manager del cantante extreme\u00f1o, Dar\u00edo Berm\u00fadez ha agradecido a la direcci\u00f3n de la FAEMCLM abrir hoy el espacio esc\u00e9nico del Auditorio municipal a la gira \u201cIntenso Tour\u201d, y ha recordado que Ismael Gonz\u00e1lez cuenta&hellip;<\/p>\n","protected":false},"author":1,"featured_media":4920,"comment_status":"closed","ping_status":"closed","sticky":false,"template":"","format":"standard","meta":{"footnotes":""},"categories":[53],"tags":[],"class_list":["post-4913","post","type-post","status-publish","format-standard","has-post-thumbnail","hentry","category-noticia"],"_links":{"self":[{"href":"https:\/\/faemclm.es\/feriaxxvii\/wp-json\/wp\/v2\/posts\/4913","targetHints":{"allow":["GET"]}}],"collection":[{"href":"https:\/\/faemclm.es\/feriaxxvii\/wp-json\/wp\/v2\/posts"}],"about":[{"href":"https:\/\/faemclm.es\/feriaxxvii\/wp-json\/wp\/v2\/types\/post"}],"author":[{"embeddable":true,"href":"https:\/\/faemclm.es\/feriaxxvii\/wp-json\/wp\/v2\/users\/1"}],"replies":[{"embeddable":true,"href":"https:\/\/faemclm.es\/feriaxxvii\/wp-json\/wp\/v2\/comments?post=4913"}],"version-history":[{"count":0,"href":"https:\/\/faemclm.es\/feriaxxvii\/wp-json\/wp\/v2\/posts\/4913\/revisions"}],"wp:featuredmedia":[{"embeddable":true,"href":"https:\/\/faemclm.es\/feriaxxvii\/wp-json\/wp\/v2\/media\/4920"}],"wp:attachment":[{"href":"https:\/\/faemclm.es\/feriaxxvii\/wp-json\/wp\/v2\/media?parent=4913"}],"wp:term":[{"taxonomy":"category","embeddable":true,"href":"https:\/\/faemclm.es\/feriaxxvii\/wp-json\/wp\/v2\/categories?post=4913"},{"taxonomy":"post_tag","embeddable":true,"href":"https:\/\/faemclm.es\/feriaxxvii\/wp-json\/wp\/v2\/tags?post=4913"}],"curies":[{"name":"wp","href":"https:\/\/api.w.org\/{rel}","templated":true}]}}